{"id":489,"date":"2012-01-02T17:36:11","date_gmt":"2012-01-02T17:36:11","guid":{"rendered":"https:\/\/revista-insaiguaviva.org\/curs2011-2012\/?p=489"},"modified":"2012-01-03T16:56:53","modified_gmt":"2012-01-03T16:56:53","slug":"mes-fotos-al-nostre-album","status":"publish","type":"post","link":"https:\/\/www.revista-insaiguaviva.org\/curs2011-2012\/2012\/01\/mes-fotos-al-nostre-album\/","title":{"rendered":"M\u00e9s fotos al nostre \u00e0lbum"},"content":{"rendered":"<p style=\"text-align: justify;\">Si voleu veure m\u00e9s fotos de la festa de presentaci\u00f3 de l&#8217;institut, n&#8217;hem penjat al Picassa. Les podeu veure a trav\u00e9s de l&#8217;enlla\u00e7 <a href=\"https:\/\/picasaweb.google.com\/118000727510269724077\/FESTADEPRESENTACIO2\">https:\/\/picasaweb.google.com\/118000727510269724077\/FESTADEPRESENTACIO2<\/a>. A m\u00e9s, a l&#8217;apartat de Celebracions, podreu llegir alguna col\u00b7laboraci\u00f3 que explica tot el que vam fer per a aquells qui no van venir o per si alg\u00fa no se&#8217;n recorda.<\/p>\n<p style=\"text-align: justify;\">A l&#8217;\u00e0lbum Picassa tamb\u00e9 hi hem penjat algunes de les fotos que vam fer el dia 22 per celebrar el Nadal. Hi podreu accedir a trav\u00e9s de l&#8217;enlla\u00e7 <a href=\"https:\/\/picasaweb.google.com\/118000727510269724077\/NADAL\">https:\/\/picasaweb.google.com\/118000727510269724077\/NADAL. <\/a>I al mateix apartat d&#8217;abans, Celebracions, hi podreu trobar el text i les imatges del Power Point que vam poder sentir i veure abans de fer l&#8217;amic invisible, i els arbres de Nadal de cadascun dels grups, constru\u00efts amb els nostres millors desitjos.<\/p>\n<address style=\"text-align: center;\"><a href=\"https:\/\/revista-insaiguaviva.org\/curs2011-2012\/wp-content\/uploads\/2012\/01\/Dibssssujo.jpg\"><img loading=\"lazy\" decoding=\"async\" class=\"aligncenter size-thumbnail wp-image-543\" title=\"Dibssssujo\" src=\"https:\/\/revista-insaiguaviva.org\/curs2011-2012\/wp-content\/uploads\/2012\/01\/Dibssssujo-150x150.jpg\" alt=\"\" width=\"250\" height=\"250\" \/><\/a><a href=\"https:\/\/picasaweb.google.com\/118000727510269724077\/NADAL\"><strong>Anastasia Untila<\/strong><br \/>\n<\/a><\/address>\n","protected":false},"excerpt":{"rendered":"<p>Si voleu veure m\u00e9s fotos de la festa de presentaci\u00f3 de l&#8217;institut, n&#8217;hem penjat al Picassa. Les podeu veure a trav\u00e9s de l&#8217;enlla\u00e7 https:\/\/picasaweb.google.com\/118000727510269724077\/FESTADEPRESENTACIO2. A m\u00e9s, a l&#8217;apartat de Celebracions, podreu llegir alguna col\u00b7laboraci\u00f3 que explica tot el que vam &hellip; <a href=\"https:\/\/www.revista-insaiguaviva.org\/curs2011-2012\/2012\/01\/mes-fotos-al-nostre-album\/\">Continua llegint <span class=\"meta-nav\">&rarr;<\/span><\/a><\/p>\n","protected":false},"author":3,"featured_media":0,"comment_status":"open","ping_status":"open","sticky":false,"template":"","format":"standard","meta":{"footnotes":""},"categories":[1],"tags":[20,5,19],"class_list":["post-489","post","type-post","status-publish","format-standard","hentry","category-general","tag-celebracions","tag-festa-de-presentacio","tag-nadal"],"_links":{"self":[{"href":"https:\/\/www.revista-insaiguaviva.org\/curs2011-2012\/wp-json\/wp\/v2\/posts\/489","targetHints":{"allow":["GET"]}}],"collection":[{"href":"https:\/\/www.revista-insaiguaviva.org\/curs2011-2012\/wp-json\/wp\/v2\/posts"}],"about":[{"href":"https:\/\/www.revista-insaiguaviva.org\/curs2011-2012\/wp-json\/wp\/v2\/types\/post"}],"author":[{"embeddable":true,"href":"https:\/\/www.revista-insaiguaviva.org\/curs2011-2012\/wp-json\/wp\/v2\/users\/3"}],"replies":[{"embeddable":true,"href":"https:\/\/www.revista-insaiguaviva.org\/curs2011-2012\/wp-json\/wp\/v2\/comments?post=489"}],"version-history":[{"count":13,"href":"https:\/\/www.revista-insaiguaviva.org\/curs2011-2012\/wp-json\/wp\/v2\/posts\/489\/revisions"}],"predecessor-version":[{"id":496,"href":"https:\/\/www.revista-insaiguaviva.org\/curs2011-2012\/wp-json\/wp\/v2\/posts\/489\/revisions\/496"}],"wp:attachment":[{"href":"https:\/\/www.revista-insaiguaviva.org\/curs2011-2012\/wp-json\/wp\/v2\/media?parent=489"}],"wp:term":[{"taxonomy":"category","embeddable":true,"href":"https:\/\/www.revista-insaiguaviva.org\/curs2011-2012\/wp-json\/wp\/v2\/categories?post=489"},{"taxonomy":"post_tag","embeddable":true,"href":"https:\/\/www.revista-insaiguaviva.org\/curs2011-2012\/wp-json\/wp\/v2\/tags?post=489"}],"curies":[{"name":"wp","href":"https:\/\/api.w.org\/{rel}","templated":true}]}}