{"id":814,"date":"2012-03-15T18:14:33","date_gmt":"2012-03-15T18:14:33","guid":{"rendered":"https:\/\/revista-insaiguaviva.org\/curs2011-2012\/?p=814"},"modified":"2012-03-15T18:18:05","modified_gmt":"2012-03-15T18:18:05","slug":"mes-carnestoltes","status":"publish","type":"post","link":"https:\/\/www.revista-insaiguaviva.org\/curs2011-2012\/2012\/03\/mes-carnestoltes\/","title":{"rendered":"M\u00e9s Carnestoltes"},"content":{"rendered":"<p style=\"text-align: justify;\">Passen els dies i la nostra festa de <strong>Carnestoltes<\/strong> encara \u00e9s not\u00edcia. A l&#8217;apartat de <strong>Visual i Pl\u00e0stica<\/strong>, dins d&#8217;<strong>Activitats<\/strong>, hi trobareu les imatges d&#8217;algunes de les m\u00e0scares que vau preparar per a la festa&#8230;. Realment, fan molt d&#8217;efecte! I a <strong>Celebracions<\/strong>, hem obert un apartat per penjar-hi alguna de les cr\u00f2niques que vau fer a la mat\u00e8ria de Llengua sobre com va anar tot plegat&#8230; i acompanyades, \u00e9s clar, d&#8217;alguna que altra <strong>m\u00e0scara<\/strong>.<\/p>\n","protected":false},"excerpt":{"rendered":"<p>Passen els dies i la nostra festa de Carnestoltes encara \u00e9s not\u00edcia. A l&#8217;apartat de Visual i Pl\u00e0stica, dins d&#8217;Activitats, hi trobareu les imatges d&#8217;algunes de les m\u00e0scares que vau preparar per a la festa&#8230;. Realment, fan molt d&#8217;efecte! I &hellip; <a href=\"https:\/\/www.revista-insaiguaviva.org\/curs2011-2012\/2012\/03\/mes-carnestoltes\/\">Continua llegint <span class=\"meta-nav\">&rarr;<\/span><\/a><\/p>\n","protected":false},"author":3,"featured_media":0,"comment_status":"open","ping_status":"open","sticky":false,"template":"","format":"standard","meta":{"footnotes":""},"categories":[6],"tags":[26,20],"class_list":["post-814","post","type-post","status-publish","format-standard","hentry","category-activitats","tag-carnestoltes","tag-celebracions"],"_links":{"self":[{"href":"https:\/\/www.revista-insaiguaviva.org\/curs2011-2012\/wp-json\/wp\/v2\/posts\/814","targetHints":{"allow":["GET"]}}],"collection":[{"href":"https:\/\/www.revista-insaiguaviva.org\/curs2011-2012\/wp-json\/wp\/v2\/posts"}],"about":[{"href":"https:\/\/www.revista-insaiguaviva.org\/curs2011-2012\/wp-json\/wp\/v2\/types\/post"}],"author":[{"embeddable":true,"href":"https:\/\/www.revista-insaiguaviva.org\/curs2011-2012\/wp-json\/wp\/v2\/users\/3"}],"replies":[{"embeddable":true,"href":"https:\/\/www.revista-insaiguaviva.org\/curs2011-2012\/wp-json\/wp\/v2\/comments?post=814"}],"version-history":[{"count":3,"href":"https:\/\/www.revista-insaiguaviva.org\/curs2011-2012\/wp-json\/wp\/v2\/posts\/814\/revisions"}],"predecessor-version":[{"id":816,"href":"https:\/\/www.revista-insaiguaviva.org\/curs2011-2012\/wp-json\/wp\/v2\/posts\/814\/revisions\/816"}],"wp:attachment":[{"href":"https:\/\/www.revista-insaiguaviva.org\/curs2011-2012\/wp-json\/wp\/v2\/media?parent=814"}],"wp:term":[{"taxonomy":"category","embeddable":true,"href":"https:\/\/www.revista-insaiguaviva.org\/curs2011-2012\/wp-json\/wp\/v2\/categories?post=814"},{"taxonomy":"post_tag","embeddable":true,"href":"https:\/\/www.revista-insaiguaviva.org\/curs2011-2012\/wp-json\/wp\/v2\/tags?post=814"}],"curies":[{"name":"wp","href":"https:\/\/api.w.org\/{rel}","templated":true}]}}