{"id":942,"date":"2012-06-01T10:32:42","date_gmt":"2012-06-01T10:32:42","guid":{"rendered":"https:\/\/revista-insaiguaviva.org\/curs2011-2012\/?p=942"},"modified":"2012-06-03T18:22:26","modified_gmt":"2012-06-03T18:22:26","slug":"qui-es-qui","status":"publish","type":"post","link":"https:\/\/www.revista-insaiguaviva.org\/curs2011-2012\/2012\/06\/qui-es-qui\/","title":{"rendered":"Qui \u00e9s qui?"},"content":{"rendered":"<p>A la mat\u00e8ria de Llengua Catalana hem estat treballant els <strong>autoretrats<\/strong>: les descripcions que alg\u00fa fa d&#8217;ell mateix, explicant les caracter\u00edstiques f\u00edsiques o de car\u00e0cter.<\/p>\n<p>A l&#8217;apartat d&#8217;<strong>Activitats<\/strong> hem penjat fragments d&#8217;alguns dels vostres autoretrats. Ser\u00edeu capa\u00e7os de dir qui s\u00f3n els seus autors o autores?<\/p>\n","protected":false},"excerpt":{"rendered":"<p>A la mat\u00e8ria de Llengua Catalana hem estat treballant els autoretrats: les descripcions que alg\u00fa fa d&#8217;ell mateix, explicant les caracter\u00edstiques f\u00edsiques o de car\u00e0cter. A l&#8217;apartat d&#8217;Activitats hem penjat fragments d&#8217;alguns dels vostres autoretrats. Ser\u00edeu capa\u00e7os de dir qui &hellip; <a href=\"https:\/\/www.revista-insaiguaviva.org\/curs2011-2012\/2012\/06\/qui-es-qui\/\">Continua llegint <span class=\"meta-nav\">&rarr;<\/span><\/a><\/p>\n","protected":false},"author":3,"featured_media":0,"comment_status":"open","ping_status":"open","sticky":false,"template":"","format":"standard","meta":{"footnotes":""},"categories":[6],"tags":[7],"class_list":["post-942","post","type-post","status-publish","format-standard","hentry","category-activitats","tag-llengua-catalana"],"_links":{"self":[{"href":"https:\/\/www.revista-insaiguaviva.org\/curs2011-2012\/wp-json\/wp\/v2\/posts\/942","targetHints":{"allow":["GET"]}}],"collection":[{"href":"https:\/\/www.revista-insaiguaviva.org\/curs2011-2012\/wp-json\/wp\/v2\/posts"}],"about":[{"href":"https:\/\/www.revista-insaiguaviva.org\/curs2011-2012\/wp-json\/wp\/v2\/types\/post"}],"author":[{"embeddable":true,"href":"https:\/\/www.revista-insaiguaviva.org\/curs2011-2012\/wp-json\/wp\/v2\/users\/3"}],"replies":[{"embeddable":true,"href":"https:\/\/www.revista-insaiguaviva.org\/curs2011-2012\/wp-json\/wp\/v2\/comments?post=942"}],"version-history":[{"count":3,"href":"https:\/\/www.revista-insaiguaviva.org\/curs2011-2012\/wp-json\/wp\/v2\/posts\/942\/revisions"}],"predecessor-version":[{"id":962,"href":"https:\/\/www.revista-insaiguaviva.org\/curs2011-2012\/wp-json\/wp\/v2\/posts\/942\/revisions\/962"}],"wp:attachment":[{"href":"https:\/\/www.revista-insaiguaviva.org\/curs2011-2012\/wp-json\/wp\/v2\/media?parent=942"}],"wp:term":[{"taxonomy":"category","embeddable":true,"href":"https:\/\/www.revista-insaiguaviva.org\/curs2011-2012\/wp-json\/wp\/v2\/categories?post=942"},{"taxonomy":"post_tag","embeddable":true,"href":"https:\/\/www.revista-insaiguaviva.org\/curs2011-2012\/wp-json\/wp\/v2\/tags?post=942"}],"curies":[{"name":"wp","href":"https:\/\/api.w.org\/{rel}","templated":true}]}}