{"id":1003,"date":"2013-05-06T19:43:00","date_gmt":"2013-05-06T17:43:00","guid":{"rendered":"https:\/\/revista-insaiguaviva.org\/curs2012-2013\/?p=1003"},"modified":"2013-05-06T19:54:54","modified_gmt":"2013-05-06T17:54:54","slug":"sant-jordi13","status":"publish","type":"post","link":"https:\/\/www.revista-insaiguaviva.org\/curs2012-2013\/2013\/05\/sant-jordi13\/","title":{"rendered":"Sant Jordi&#8217;13"},"content":{"rendered":"<p style=\"text-align: justify;\">El passat dia de <strong>Sant Jordi<\/strong> vam celebrar la diada amb la representaci\u00f3 de l&#8217;obra <em>Alicia al pa\u00eds de les meravelles<\/em> a c\u00e0rrec del <strong>grup de teatre<\/strong> de l&#8217;institut. Hi van assistir els alumnes de 1r. d&#8217;ESO i en podreu veure algunes fotos si punxeu <a href=\"https:\/\/revista-insaiguaviva.org\/curs2012-2013\/celebracions\/sant-jordi13\/alicia-al-pais-de-les-meravelles\/\">aqu\u00ed<\/a>.<\/p>\n<p style=\"text-align: justify;\">A les 12 h vam lliurar els premis literaris i d&#8217;il\u00b7lustraci\u00f3. El premi de poesia en angl\u00e8s va ser per a <strong>Ainoa Torres<\/strong>, de 2n. B. Els premis de poesia en castell\u00e0, se&#8217;ls van endur l&#8217;<strong>Adriana Garcia<\/strong> i la <strong>N\u00faria S\u00e1nchez<\/strong>, de 2n. A, i els de prosa, la <strong>Yaiza Mu\u00f1oz<\/strong>, de 2n. A i la <strong>Sara Ruiz<\/strong>, de 1r. A. Els premis en catal\u00e0 van ser per a <strong>Cristina Aguilera<\/strong>, de 2n. B, en l&#8217;apartat de poesia, i per a la <strong>Khaira Mart\u00ednez<\/strong>, de 2n. B, i la <strong>Martina Azlor<\/strong>, de 2n. C. \u00a0Podeu llegir les poesies guanyadores si punxeu <a href=\"https:\/\/revista-insaiguaviva.org\/curs2012-2013\/celebracions\/sant-jordi13\/lliurament-de-premis\/\">aqu\u00ed<\/a>.<\/p>\n<p style=\"text-align: justify;\"><a href=\"https:\/\/revista-insaiguaviva.org\/curs2012-2013\/wp-content\/uploads\/2013\/05\/sant-jordi.jpg\"><img loading=\"lazy\" decoding=\"async\" class=\"aligncenter size-full wp-image-1008\" title=\"sant jordi\" src=\"https:\/\/revista-insaiguaviva.org\/curs2012-2013\/wp-content\/uploads\/2013\/05\/sant-jordi.jpg\" alt=\"\" width=\"187\" height=\"269\" \/><\/a><\/p>\n<p style=\"text-align: justify;\">L&#8217;acte va ser presentat espl\u00e8ndidament per l&#8217;<strong>\u00c0lex Reyes<\/strong>, el <strong>Jordi Soriano<\/strong>, l&#8217;<strong>Adriana P\u00e9rez<\/strong>, la <strong>Laura Vi\u00f1uela<\/strong>, el <strong>Jos\u00e9 Capit\u00e1n<\/strong> i l&#8217;<strong>Anna Sbert<\/strong>. El <strong>Jubal Escud\u00e9<\/strong>, el <strong>Joan Navarro<\/strong>, i la <strong>Laura<\/strong> i la<strong> Irene L\u00f3pez<\/strong> hi van posar la m\u00fasica. Gr\u00e0cies a tots!<\/p>\n","protected":false},"excerpt":{"rendered":"<p>El passat dia de Sant Jordi vam celebrar la diada amb la representaci\u00f3 de l&#8217;obra Alicia al pa\u00eds de les meravelles a c\u00e0rrec del grup de teatre de l&#8217;institut. Hi van assistir els alumnes de 1r. d&#8217;ESO i en podreu &hellip; <a href=\"https:\/\/www.revista-insaiguaviva.org\/curs2012-2013\/2013\/05\/sant-jordi13\/\">Continua llegint <span class=\"meta-nav\">&rarr;<\/span><\/a><\/p>\n","protected":false},"author":3,"featured_media":0,"comment_status":"open","ping_status":"open","sticky":false,"template":"","format":"standard","meta":{"footnotes":""},"categories":[1],"tags":[],"class_list":["post-1003","post","type-post","status-publish","format-standard","hentry","category-general"],"_links":{"self":[{"href":"https:\/\/www.revista-insaiguaviva.org\/curs2012-2013\/wp-json\/wp\/v2\/posts\/1003","targetHints":{"allow":["GET"]}}],"collection":[{"href":"https:\/\/www.revista-insaiguaviva.org\/curs2012-2013\/wp-json\/wp\/v2\/posts"}],"about":[{"href":"https:\/\/www.revista-insaiguaviva.org\/curs2012-2013\/wp-json\/wp\/v2\/types\/post"}],"author":[{"embeddable":true,"href":"https:\/\/www.revista-insaiguaviva.org\/curs2012-2013\/wp-json\/wp\/v2\/users\/3"}],"replies":[{"embeddable":true,"href":"https:\/\/www.revista-insaiguaviva.org\/curs2012-2013\/wp-json\/wp\/v2\/comments?post=1003"}],"version-history":[{"count":6,"href":"https:\/\/www.revista-insaiguaviva.org\/curs2012-2013\/wp-json\/wp\/v2\/posts\/1003\/revisions"}],"predecessor-version":[{"id":1007,"href":"https:\/\/www.revista-insaiguaviva.org\/curs2012-2013\/wp-json\/wp\/v2\/posts\/1003\/revisions\/1007"}],"wp:attachment":[{"href":"https:\/\/www.revista-insaiguaviva.org\/curs2012-2013\/wp-json\/wp\/v2\/media?parent=1003"}],"wp:term":[{"taxonomy":"category","embeddable":true,"href":"https:\/\/www.revista-insaiguaviva.org\/curs2012-2013\/wp-json\/wp\/v2\/categories?post=1003"},{"taxonomy":"post_tag","embeddable":true,"href":"https:\/\/www.revista-insaiguaviva.org\/curs2012-2013\/wp-json\/wp\/v2\/tags?post=1003"}],"curies":[{"name":"wp","href":"https:\/\/api.w.org\/{rel}","templated":true}]}}