{"id":1013,"date":"2013-05-06T17:08:21","date_gmt":"2013-05-06T15:08:21","guid":{"rendered":"https:\/\/revista-insaiguaviva.org\/curs2012-2013\/?p=1013"},"modified":"2013-05-06T20:11:43","modified_gmt":"2013-05-06T18:11:43","slug":"continuem-fent-radio","status":"publish","type":"post","link":"https:\/\/www.revista-insaiguaviva.org\/curs2012-2013\/2013\/05\/continuem-fent-radio\/","title":{"rendered":"Continuem fent r\u00e0dio"},"content":{"rendered":"<p style=\"text-align: justify;\">El mes de febrer la mat\u00e8ria optativa de r\u00e0dio de 2n. d&#8217;ESO va comen\u00e7ar amb \u00a0nous alumnes. El passat dia 8 van entrevistar l&#8217;Ernest, el director del centre. L&#8217;Anast\u00e0sia Untila explica com va anar l&#8217;enregistrament a l&#8217;apartat de Catal\u00e0. <a href=\"https:\/\/revista-insaiguaviva.org\/curs2012-2013\/activitats\/llengua-catalana\/continuem-fent-radio\/\">Continuem fent r\u00e0dio<\/a>.<\/p>\n","protected":false},"excerpt":{"rendered":"<p>El mes de febrer la mat\u00e8ria optativa de r\u00e0dio de 2n. d&#8217;ESO va comen\u00e7ar amb \u00a0nous alumnes. El passat dia 8 van entrevistar l&#8217;Ernest, el director del centre. L&#8217;Anast\u00e0sia Untila explica com va anar l&#8217;enregistrament a l&#8217;apartat de Catal\u00e0. Continuem &hellip; <a href=\"https:\/\/www.revista-insaiguaviva.org\/curs2012-2013\/2013\/05\/continuem-fent-radio\/\">Continua llegint <span class=\"meta-nav\">&rarr;<\/span><\/a><\/p>\n","protected":false},"author":3,"featured_media":0,"comment_status":"open","ping_status":"open","sticky":false,"template":"","format":"standard","meta":{"footnotes":""},"categories":[1],"tags":[],"class_list":["post-1013","post","type-post","status-publish","format-standard","hentry","category-general"],"_links":{"self":[{"href":"https:\/\/www.revista-insaiguaviva.org\/curs2012-2013\/wp-json\/wp\/v2\/posts\/1013","targetHints":{"allow":["GET"]}}],"collection":[{"href":"https:\/\/www.revista-insaiguaviva.org\/curs2012-2013\/wp-json\/wp\/v2\/posts"}],"about":[{"href":"https:\/\/www.revista-insaiguaviva.org\/curs2012-2013\/wp-json\/wp\/v2\/types\/post"}],"author":[{"embeddable":true,"href":"https:\/\/www.revista-insaiguaviva.org\/curs2012-2013\/wp-json\/wp\/v2\/users\/3"}],"replies":[{"embeddable":true,"href":"https:\/\/www.revista-insaiguaviva.org\/curs2012-2013\/wp-json\/wp\/v2\/comments?post=1013"}],"version-history":[{"count":2,"href":"https:\/\/www.revista-insaiguaviva.org\/curs2012-2013\/wp-json\/wp\/v2\/posts\/1013\/revisions"}],"predecessor-version":[{"id":1015,"href":"https:\/\/www.revista-insaiguaviva.org\/curs2012-2013\/wp-json\/wp\/v2\/posts\/1013\/revisions\/1015"}],"wp:attachment":[{"href":"https:\/\/www.revista-insaiguaviva.org\/curs2012-2013\/wp-json\/wp\/v2\/media?parent=1013"}],"wp:term":[{"taxonomy":"category","embeddable":true,"href":"https:\/\/www.revista-insaiguaviva.org\/curs2012-2013\/wp-json\/wp\/v2\/categories?post=1013"},{"taxonomy":"post_tag","embeddable":true,"href":"https:\/\/www.revista-insaiguaviva.org\/curs2012-2013\/wp-json\/wp\/v2\/tags?post=1013"}],"curies":[{"name":"wp","href":"https:\/\/api.w.org\/{rel}","templated":true}]}}