{"id":194,"date":"2012-11-17T13:16:02","date_gmt":"2012-11-17T12:16:02","guid":{"rendered":"https:\/\/revista-insaiguaviva.org\/curs2012-2013\/?p=194"},"modified":"2012-11-17T13:17:13","modified_gmt":"2012-11-17T12:17:13","slug":"croniques-dun-dia-passat-per-aigua","status":"publish","type":"post","link":"https:\/\/www.revista-insaiguaviva.org\/curs2012-2013\/2012\/11\/croniques-dun-dia-passat-per-aigua\/","title":{"rendered":"Cr\u00f2niques d&#8217;un dia passat per aigua"},"content":{"rendered":"<p>Dos alumnes de 2n. C, l&#8217;Albert Rodr\u00edguez i la Martina Azlor, expliquen en una cr\u00f2nica quin va ser el pla B de la celebraci\u00f3 de la Castanyada. Les fotos s\u00f3n de la Sara Ruiz de 1r. A (gr\u00e0cies, Sara!) Si voleu llegir-les, aneu a l&#8217;apartat de <a href=\"https:\/\/revista-insaiguaviva.org\/curs2012-2013\/celebracions\/31-doctubre-un-dia-passat-per-aigua\/\">Celebracions<\/a>.<\/p>\n<p><a href=\"https:\/\/revista-insaiguaviva.org\/curs2012-2013\/wp-content\/uploads\/2012\/11\/resized_DSCF16332.jpg\"><img loading=\"lazy\" decoding=\"async\" class=\"aligncenter size-medium wp-image-196\" title=\"resized_DSCF1633\" src=\"https:\/\/revista-insaiguaviva.org\/curs2012-2013\/wp-content\/uploads\/2012\/11\/resized_DSCF16332-300x225.jpg\" alt=\"\" width=\"300\" height=\"225\" srcset=\"https:\/\/www.revista-insaiguaviva.org\/curs2012-2013\/wp-content\/uploads\/2012\/11\/resized_DSCF16332-300x225.jpg 300w, https:\/\/www.revista-insaiguaviva.org\/curs2012-2013\/wp-content\/uploads\/2012\/11\/resized_DSCF16332-1024x768.jpg 1024w, https:\/\/www.revista-insaiguaviva.org\/curs2012-2013\/wp-content\/uploads\/2012\/11\/resized_DSCF16332-400x300.jpg 400w, https:\/\/www.revista-insaiguaviva.org\/curs2012-2013\/wp-content\/uploads\/2012\/11\/resized_DSCF16332.jpg 1824w\" sizes=\"auto, (max-width: 300px) 100vw, 300px\" \/><\/a><\/p>\n","protected":false},"excerpt":{"rendered":"<p>Dos alumnes de 2n. C, l&#8217;Albert Rodr\u00edguez i la Martina Azlor, expliquen en una cr\u00f2nica quin va ser el pla B de la celebraci\u00f3 de la Castanyada. Les fotos s\u00f3n de la Sara Ruiz de 1r. A (gr\u00e0cies, Sara!) Si &hellip; <a href=\"https:\/\/www.revista-insaiguaviva.org\/curs2012-2013\/2012\/11\/croniques-dun-dia-passat-per-aigua\/\">Continua llegint <span class=\"meta-nav\">&rarr;<\/span><\/a><\/p>\n","protected":false},"author":3,"featured_media":0,"comment_status":"open","ping_status":"open","sticky":false,"template":"","format":"standard","meta":{"footnotes":""},"categories":[1],"tags":[],"class_list":["post-194","post","type-post","status-publish","format-standard","hentry","category-general"],"_links":{"self":[{"href":"https:\/\/www.revista-insaiguaviva.org\/curs2012-2013\/wp-json\/wp\/v2\/posts\/194","targetHints":{"allow":["GET"]}}],"collection":[{"href":"https:\/\/www.revista-insaiguaviva.org\/curs2012-2013\/wp-json\/wp\/v2\/posts"}],"about":[{"href":"https:\/\/www.revista-insaiguaviva.org\/curs2012-2013\/wp-json\/wp\/v2\/types\/post"}],"author":[{"embeddable":true,"href":"https:\/\/www.revista-insaiguaviva.org\/curs2012-2013\/wp-json\/wp\/v2\/users\/3"}],"replies":[{"embeddable":true,"href":"https:\/\/www.revista-insaiguaviva.org\/curs2012-2013\/wp-json\/wp\/v2\/comments?post=194"}],"version-history":[{"count":3,"href":"https:\/\/www.revista-insaiguaviva.org\/curs2012-2013\/wp-json\/wp\/v2\/posts\/194\/revisions"}],"predecessor-version":[{"id":198,"href":"https:\/\/www.revista-insaiguaviva.org\/curs2012-2013\/wp-json\/wp\/v2\/posts\/194\/revisions\/198"}],"wp:attachment":[{"href":"https:\/\/www.revista-insaiguaviva.org\/curs2012-2013\/wp-json\/wp\/v2\/media?parent=194"}],"wp:term":[{"taxonomy":"category","embeddable":true,"href":"https:\/\/www.revista-insaiguaviva.org\/curs2012-2013\/wp-json\/wp\/v2\/categories?post=194"},{"taxonomy":"post_tag","embeddable":true,"href":"https:\/\/www.revista-insaiguaviva.org\/curs2012-2013\/wp-json\/wp\/v2\/tags?post=194"}],"curies":[{"name":"wp","href":"https:\/\/api.w.org\/{rel}","templated":true}]}}