{"id":266,"date":"2012-12-01T21:21:19","date_gmt":"2012-12-01T20:21:19","guid":{"rendered":"https:\/\/revista-insaiguaviva.org\/curs2012-2013\/?p=266"},"modified":"2012-12-01T21:26:39","modified_gmt":"2012-12-01T20:26:39","slug":"tirolines-a-arenys-de-munt","status":"publish","type":"post","link":"https:\/\/www.revista-insaiguaviva.org\/curs2012-2013\/2012\/12\/tirolines-a-arenys-de-munt\/","title":{"rendered":"Tirolines a Arenys de Munt"},"content":{"rendered":"<p>Dimecres passat, dia 21, els alumnes de 1r. d&#8217;ESO van fer la seva primera sortida. \u00a0Van anar a Jalpiaventura, a Arenys de Munt. Si voleu veure&#8217;ls enfilats pels arbres i saber qu\u00e8 els va semblar l&#8217;experi\u00e8ncia, aneu a la p\u00e0gina de <a href=\"https:\/\/revista-insaiguaviva.org\/curs2012-2013\/sortides\/tirolines-a-arenys-de-munt\/\">Sortides<\/a>.<\/p>\n<p><a href=\"https:\/\/revista-insaiguaviva.org\/curs2012-2013\/wp-content\/uploads\/2012\/12\/resized_IMG_0147.jpg\"><img loading=\"lazy\" decoding=\"async\" class=\"alignnone size-thumbnail wp-image-272\" title=\"resized_IMG_0147\" src=\"https:\/\/revista-insaiguaviva.org\/curs2012-2013\/wp-content\/uploads\/2012\/12\/resized_IMG_0147-150x150.jpg\" alt=\"\" width=\"150\" height=\"150\" \/><\/a><a href=\"https:\/\/revista-insaiguaviva.org\/curs2012-2013\/wp-content\/uploads\/2012\/12\/resized_IMG_0177.jpg\"><img loading=\"lazy\" decoding=\"async\" class=\"alignnone size-thumbnail wp-image-270\" title=\"resized_IMG_0177\" src=\"https:\/\/revista-insaiguaviva.org\/curs2012-2013\/wp-content\/uploads\/2012\/12\/resized_IMG_0177-150x150.jpg\" alt=\"\" width=\"150\" height=\"150\" \/><\/a>\u00a0<a href=\"https:\/\/revista-insaiguaviva.org\/curs2012-2013\/wp-content\/uploads\/2012\/12\/resized_IMG_0124.jpg\"><img loading=\"lazy\" decoding=\"async\" class=\"alignnone size-thumbnail wp-image-271\" title=\"resized_IMG_0124\" src=\"https:\/\/revista-insaiguaviva.org\/curs2012-2013\/wp-content\/uploads\/2012\/12\/resized_IMG_0124-150x150.jpg\" alt=\"\" width=\"150\" height=\"150\" \/><\/a><\/p>\n","protected":false},"excerpt":{"rendered":"<p>Dimecres passat, dia 21, els alumnes de 1r. d&#8217;ESO van fer la seva primera sortida. \u00a0Van anar a Jalpiaventura, a Arenys de Munt. Si voleu veure&#8217;ls enfilats pels arbres i saber qu\u00e8 els va semblar l&#8217;experi\u00e8ncia, aneu a la p\u00e0gina &hellip; <a href=\"https:\/\/www.revista-insaiguaviva.org\/curs2012-2013\/2012\/12\/tirolines-a-arenys-de-munt\/\">Continua llegint <span class=\"meta-nav\">&rarr;<\/span><\/a><\/p>\n","protected":false},"author":3,"featured_media":0,"comment_status":"open","ping_status":"open","sticky":false,"template":"","format":"standard","meta":{"footnotes":""},"categories":[1],"tags":[],"class_list":["post-266","post","type-post","status-publish","format-standard","hentry","category-general"],"_links":{"self":[{"href":"https:\/\/www.revista-insaiguaviva.org\/curs2012-2013\/wp-json\/wp\/v2\/posts\/266","targetHints":{"allow":["GET"]}}],"collection":[{"href":"https:\/\/www.revista-insaiguaviva.org\/curs2012-2013\/wp-json\/wp\/v2\/posts"}],"about":[{"href":"https:\/\/www.revista-insaiguaviva.org\/curs2012-2013\/wp-json\/wp\/v2\/types\/post"}],"author":[{"embeddable":true,"href":"https:\/\/www.revista-insaiguaviva.org\/curs2012-2013\/wp-json\/wp\/v2\/users\/3"}],"replies":[{"embeddable":true,"href":"https:\/\/www.revista-insaiguaviva.org\/curs2012-2013\/wp-json\/wp\/v2\/comments?post=266"}],"version-history":[{"count":3,"href":"https:\/\/www.revista-insaiguaviva.org\/curs2012-2013\/wp-json\/wp\/v2\/posts\/266\/revisions"}],"predecessor-version":[{"id":269,"href":"https:\/\/www.revista-insaiguaviva.org\/curs2012-2013\/wp-json\/wp\/v2\/posts\/266\/revisions\/269"}],"wp:attachment":[{"href":"https:\/\/www.revista-insaiguaviva.org\/curs2012-2013\/wp-json\/wp\/v2\/media?parent=266"}],"wp:term":[{"taxonomy":"category","embeddable":true,"href":"https:\/\/www.revista-insaiguaviva.org\/curs2012-2013\/wp-json\/wp\/v2\/categories?post=266"},{"taxonomy":"post_tag","embeddable":true,"href":"https:\/\/www.revista-insaiguaviva.org\/curs2012-2013\/wp-json\/wp\/v2\/tags?post=266"}],"curies":[{"name":"wp","href":"https:\/\/api.w.org\/{rel}","templated":true}]}}