{"id":727,"date":"2013-02-17T19:41:33","date_gmt":"2013-02-17T18:41:33","guid":{"rendered":"https:\/\/revista-insaiguaviva.org\/curs2012-2013\/?p=727"},"modified":"2013-02-17T19:43:16","modified_gmt":"2013-02-17T18:43:16","slug":"biografies","status":"publish","type":"post","link":"https:\/\/www.revista-insaiguaviva.org\/curs2012-2013\/2013\/02\/biografies\/","title":{"rendered":"Biografies"},"content":{"rendered":"<p style=\"text-align: justify;\">Els alumnes de 2n. d&#8217;ESO B i C han treballat el text biogr\u00e0fic i, com a exemple, han elaborat la <strong>biografia<\/strong> d&#8217;algun dels seus <strong>avis o \u00e0vies<\/strong>. Al passad\u00eds de la tercera planta, n&#8217;hem fet una petita exposici\u00f3. Els textos van acompanyats d&#8217;una fotografia amb l&#8217;autor del text i el seu avi o \u00e0via, i la imatge d&#8217;algun element amb el qual el seu <strong>n\u00e9t o n\u00e9ta<\/strong> l&#8217;associa. En podeu llegir alguns exemples a Activitats. Llengua catalana. <a href=\"https:\/\/revista-insaiguaviva.org\/curs2012-2013\/activitats\/llengua-catalana\/biografies\/\">Biografies<\/a>.<\/p>\n<p style=\"text-align: justify;\">\u00a0<a href=\"https:\/\/revista-insaiguaviva.org\/curs2012-2013\/wp-content\/uploads\/2013\/02\/resized_carnestoltes-i-altres-1571.jpg\"><img loading=\"lazy\" decoding=\"async\" class=\"size-thumbnail wp-image-728 alignnone\" title=\"resized_carnestoltes i altres 157\" src=\"https:\/\/revista-insaiguaviva.org\/curs2012-2013\/wp-content\/uploads\/2013\/02\/resized_carnestoltes-i-altres-1571-150x150.jpg\" alt=\"\" width=\"150\" height=\"150\" \/><\/a><a href=\"https:\/\/revista-insaiguaviva.org\/curs2012-2013\/wp-content\/uploads\/2013\/02\/resized_carnestoltes-i-altres-154.jpg\"><img loading=\"lazy\" decoding=\"async\" class=\"size-thumbnail wp-image-729 alignnone\" title=\"resized_carnestoltes i altres 154\" src=\"https:\/\/revista-insaiguaviva.org\/curs2012-2013\/wp-content\/uploads\/2013\/02\/resized_carnestoltes-i-altres-154-150x150.jpg\" alt=\"\" width=\"150\" height=\"150\" \/><\/a><a href=\"https:\/\/revista-insaiguaviva.org\/curs2012-2013\/wp-content\/uploads\/2013\/02\/resized_carnestoltes-i-altres-1561.jpg\"><img loading=\"lazy\" decoding=\"async\" class=\"size-thumbnail wp-image-730 alignnone\" title=\"resized_carnestoltes i altres 156\" src=\"https:\/\/revista-insaiguaviva.org\/curs2012-2013\/wp-content\/uploads\/2013\/02\/resized_carnestoltes-i-altres-1561-150x150.jpg\" alt=\"\" width=\"150\" height=\"150\" \/><\/a><\/p>\n","protected":false},"excerpt":{"rendered":"<p>Els alumnes de 2n. d&#8217;ESO B i C han treballat el text biogr\u00e0fic i, com a exemple, han elaborat la biografia d&#8217;algun dels seus avis o \u00e0vies. Al passad\u00eds de la tercera planta, n&#8217;hem fet una petita exposici\u00f3. Els textos &hellip; <a href=\"https:\/\/www.revista-insaiguaviva.org\/curs2012-2013\/2013\/02\/biografies\/\">Continua llegint <span class=\"meta-nav\">&rarr;<\/span><\/a><\/p>\n","protected":false},"author":3,"featured_media":0,"comment_status":"open","ping_status":"open","sticky":false,"template":"","format":"standard","meta":{"footnotes":""},"categories":[1],"tags":[],"class_list":["post-727","post","type-post","status-publish","format-standard","hentry","category-general"],"_links":{"self":[{"href":"https:\/\/www.revista-insaiguaviva.org\/curs2012-2013\/wp-json\/wp\/v2\/posts\/727","targetHints":{"allow":["GET"]}}],"collection":[{"href":"https:\/\/www.revista-insaiguaviva.org\/curs2012-2013\/wp-json\/wp\/v2\/posts"}],"about":[{"href":"https:\/\/www.revista-insaiguaviva.org\/curs2012-2013\/wp-json\/wp\/v2\/types\/post"}],"author":[{"embeddable":true,"href":"https:\/\/www.revista-insaiguaviva.org\/curs2012-2013\/wp-json\/wp\/v2\/users\/3"}],"replies":[{"embeddable":true,"href":"https:\/\/www.revista-insaiguaviva.org\/curs2012-2013\/wp-json\/wp\/v2\/comments?post=727"}],"version-history":[{"count":2,"href":"https:\/\/www.revista-insaiguaviva.org\/curs2012-2013\/wp-json\/wp\/v2\/posts\/727\/revisions"}],"predecessor-version":[{"id":732,"href":"https:\/\/www.revista-insaiguaviva.org\/curs2012-2013\/wp-json\/wp\/v2\/posts\/727\/revisions\/732"}],"wp:attachment":[{"href":"https:\/\/www.revista-insaiguaviva.org\/curs2012-2013\/wp-json\/wp\/v2\/media?parent=727"}],"wp:term":[{"taxonomy":"category","embeddable":true,"href":"https:\/\/www.revista-insaiguaviva.org\/curs2012-2013\/wp-json\/wp\/v2\/categories?post=727"},{"taxonomy":"post_tag","embeddable":true,"href":"https:\/\/www.revista-insaiguaviva.org\/curs2012-2013\/wp-json\/wp\/v2\/tags?post=727"}],"curies":[{"name":"wp","href":"https:\/\/api.w.org\/{rel}","templated":true}]}}