{"id":752,"date":"2013-02-24T19:38:19","date_gmt":"2013-02-24T18:38:19","guid":{"rendered":"https:\/\/revista-insaiguaviva.org\/curs2012-2013\/?p=752"},"modified":"2013-03-17T18:28:21","modified_gmt":"2013-03-17T17:28:21","slug":"jornada-de-portes-obertes","status":"publish","type":"post","link":"https:\/\/www.revista-insaiguaviva.org\/curs2012-2013\/2013\/02\/jornada-de-portes-obertes\/","title":{"rendered":"Jornada de Portes Obertes"},"content":{"rendered":"<p style=\"text-align: justify;\">Divendres passat vam celebrar la <strong>Jornada de Portes Obertes de l&#8217;institut.<\/strong> Ens van visitar moltes fam\u00edlies, pares i mares d&#8217;alumnes de 6\u00e8. de prim\u00e0ria de les diferents escoles de Mollet. Els agra\u00efm a tots el seu inter\u00e8s, i especialment la col\u00b7laboraci\u00f3 dels <strong>alumnes de 1r. i 2n.<\/strong> que van acceptar de fer-los de guies.<\/p>\n<p><a href=\"https:\/\/revista-insaiguaviva.org\/curs2012-2013\/wp-content\/uploads\/2013\/02\/resized_IMG_1806.jpg\"><img loading=\"lazy\" decoding=\"async\" class=\"alignnone size-thumbnail wp-image-756\" title=\"resized_IMG_1806\" src=\"https:\/\/revista-insaiguaviva.org\/curs2012-2013\/wp-content\/uploads\/2013\/02\/resized_IMG_1806-150x150.jpg\" alt=\"\" width=\"150\" height=\"150\" \/><\/a><a href=\"https:\/\/revista-insaiguaviva.org\/curs2012-2013\/wp-content\/uploads\/2013\/02\/resized_IMG_1803.jpg\"><img loading=\"lazy\" decoding=\"async\" class=\"alignnone size-thumbnail wp-image-758\" title=\"resized_IMG_1803\" src=\"https:\/\/revista-insaiguaviva.org\/curs2012-2013\/wp-content\/uploads\/2013\/02\/resized_IMG_1803-150x150.jpg\" alt=\"\" width=\"150\" height=\"150\" \/><\/a><a href=\"https:\/\/revista-insaiguaviva.org\/curs2012-2013\/wp-content\/uploads\/2013\/02\/resized_IMG_1804.jpg\"><img loading=\"lazy\" decoding=\"async\" class=\"alignnone size-thumbnail wp-image-755\" title=\"resized_IMG_1804\" src=\"https:\/\/revista-insaiguaviva.org\/curs2012-2013\/wp-content\/uploads\/2013\/02\/resized_IMG_1804-150x150.jpg\" alt=\"\" width=\"150\" height=\"150\" \/><\/a><\/p>\n","protected":false},"excerpt":{"rendered":"<p>Divendres passat vam celebrar la Jornada de Portes Obertes de l&#8217;institut. Ens van visitar moltes fam\u00edlies, pares i mares d&#8217;alumnes de 6\u00e8. de prim\u00e0ria de les diferents escoles de Mollet. Els agra\u00efm a tots el seu inter\u00e8s, i especialment la &hellip; <a href=\"https:\/\/www.revista-insaiguaviva.org\/curs2012-2013\/2013\/02\/jornada-de-portes-obertes\/\">Continua llegint <span class=\"meta-nav\">&rarr;<\/span><\/a><\/p>\n","protected":false},"author":1,"featured_media":0,"comment_status":"open","ping_status":"open","sticky":false,"template":"","format":"standard","meta":{"footnotes":""},"categories":[1],"tags":[],"class_list":["post-752","post","type-post","status-publish","format-standard","hentry","category-general"],"_links":{"self":[{"href":"https:\/\/www.revista-insaiguaviva.org\/curs2012-2013\/wp-json\/wp\/v2\/posts\/752","targetHints":{"allow":["GET"]}}],"collection":[{"href":"https:\/\/www.revista-insaiguaviva.org\/curs2012-2013\/wp-json\/wp\/v2\/posts"}],"about":[{"href":"https:\/\/www.revista-insaiguaviva.org\/curs2012-2013\/wp-json\/wp\/v2\/types\/post"}],"author":[{"embeddable":true,"href":"https:\/\/www.revista-insaiguaviva.org\/curs2012-2013\/wp-json\/wp\/v2\/users\/1"}],"replies":[{"embeddable":true,"href":"https:\/\/www.revista-insaiguaviva.org\/curs2012-2013\/wp-json\/wp\/v2\/comments?post=752"}],"version-history":[{"count":4,"href":"https:\/\/www.revista-insaiguaviva.org\/curs2012-2013\/wp-json\/wp\/v2\/posts\/752\/revisions"}],"predecessor-version":[{"id":849,"href":"https:\/\/www.revista-insaiguaviva.org\/curs2012-2013\/wp-json\/wp\/v2\/posts\/752\/revisions\/849"}],"wp:attachment":[{"href":"https:\/\/www.revista-insaiguaviva.org\/curs2012-2013\/wp-json\/wp\/v2\/media?parent=752"}],"wp:term":[{"taxonomy":"category","embeddable":true,"href":"https:\/\/www.revista-insaiguaviva.org\/curs2012-2013\/wp-json\/wp\/v2\/categories?post=752"},{"taxonomy":"post_tag","embeddable":true,"href":"https:\/\/www.revista-insaiguaviva.org\/curs2012-2013\/wp-json\/wp\/v2\/tags?post=752"}],"curies":[{"name":"wp","href":"https:\/\/api.w.org\/{rel}","templated":true}]}}