{"id":883,"date":"2013-03-17T19:38:01","date_gmt":"2013-03-17T18:38:01","guid":{"rendered":"https:\/\/revista-insaiguaviva.org\/curs2012-2013\/?p=883"},"modified":"2013-03-17T19:39:44","modified_gmt":"2013-03-17T18:39:44","slug":"plantes-carnivores","status":"publish","type":"post","link":"https:\/\/www.revista-insaiguaviva.org\/curs2012-2013\/2013\/03\/plantes-carnivores\/","title":{"rendered":"Plantes carn\u00edvores"},"content":{"rendered":"<p style=\"text-align: justify;\">Els alumnes de 1r. d&#8217;ESO han treballat a la mat\u00e8ria de <a href=\"https:\/\/revista-insaiguaviva.org\/curs2012-2013\/activitats\/ciencies-naturals\/plantes-carnivores\/\">Ci\u00e8ncies Naturals<\/a> les plantes carn\u00edvores. El <strong>Joan Prat de 1r. B<\/strong> i l&#8217;<strong>Enric Creus de 1r. A<\/strong> expliquen, respectivament, el cas de les Plantes gerro i la Venus atrapamosques.<\/p>\n<p style=\"text-align: center;\"><a href=\"https:\/\/revista-insaiguaviva.org\/curs2012-2013\/wp-content\/uploads\/2013\/03\/nephentes2.jpg\"><img loading=\"lazy\" decoding=\"async\" class=\"size-thumbnail wp-image-884 aligncenter\" title=\"nephentes2\" src=\"https:\/\/revista-insaiguaviva.org\/curs2012-2013\/wp-content\/uploads\/2013\/03\/nephentes2-150x150.jpg\" alt=\"\" width=\"150\" height=\"150\" srcset=\"https:\/\/www.revista-insaiguaviva.org\/curs2012-2013\/wp-content\/uploads\/2013\/03\/nephentes2-150x150.jpg 150w, https:\/\/www.revista-insaiguaviva.org\/curs2012-2013\/wp-content\/uploads\/2013\/03\/nephentes2.jpg 225w\" sizes=\"auto, (max-width: 150px) 100vw, 150px\" \/><\/a><a href=\"https:\/\/revista-insaiguaviva.org\/curs2012-2013\/wp-content\/uploads\/2013\/03\/venus2.jpg\"><img loading=\"lazy\" decoding=\"async\" class=\"size-thumbnail wp-image-885 aligncenter\" title=\"venus2\" src=\"https:\/\/revista-insaiguaviva.org\/curs2012-2013\/wp-content\/uploads\/2013\/03\/venus2-150x150.jpg\" alt=\"\" width=\"150\" height=\"150\" \/><\/a><\/p>\n","protected":false},"excerpt":{"rendered":"<p>Els alumnes de 1r. d&#8217;ESO han treballat a la mat\u00e8ria de Ci\u00e8ncies Naturals les plantes carn\u00edvores. El Joan Prat de 1r. B i l&#8217;Enric Creus de 1r. A expliquen, respectivament, el cas de les Plantes gerro i la Venus atrapamosques.<\/p>\n","protected":false},"author":1,"featured_media":0,"comment_status":"open","ping_status":"open","sticky":false,"template":"","format":"standard","meta":{"footnotes":""},"categories":[1],"tags":[],"class_list":["post-883","post","type-post","status-publish","format-standard","hentry","category-general"],"_links":{"self":[{"href":"https:\/\/www.revista-insaiguaviva.org\/curs2012-2013\/wp-json\/wp\/v2\/posts\/883","targetHints":{"allow":["GET"]}}],"collection":[{"href":"https:\/\/www.revista-insaiguaviva.org\/curs2012-2013\/wp-json\/wp\/v2\/posts"}],"about":[{"href":"https:\/\/www.revista-insaiguaviva.org\/curs2012-2013\/wp-json\/wp\/v2\/types\/post"}],"author":[{"embeddable":true,"href":"https:\/\/www.revista-insaiguaviva.org\/curs2012-2013\/wp-json\/wp\/v2\/users\/1"}],"replies":[{"embeddable":true,"href":"https:\/\/www.revista-insaiguaviva.org\/curs2012-2013\/wp-json\/wp\/v2\/comments?post=883"}],"version-history":[{"count":4,"href":"https:\/\/www.revista-insaiguaviva.org\/curs2012-2013\/wp-json\/wp\/v2\/posts\/883\/revisions"}],"predecessor-version":[{"id":889,"href":"https:\/\/www.revista-insaiguaviva.org\/curs2012-2013\/wp-json\/wp\/v2\/posts\/883\/revisions\/889"}],"wp:attachment":[{"href":"https:\/\/www.revista-insaiguaviva.org\/curs2012-2013\/wp-json\/wp\/v2\/media?parent=883"}],"wp:term":[{"taxonomy":"category","embeddable":true,"href":"https:\/\/www.revista-insaiguaviva.org\/curs2012-2013\/wp-json\/wp\/v2\/categories?post=883"},{"taxonomy":"post_tag","embeddable":true,"href":"https:\/\/www.revista-insaiguaviva.org\/curs2012-2013\/wp-json\/wp\/v2\/tags?post=883"}],"curies":[{"name":"wp","href":"https:\/\/api.w.org\/{rel}","templated":true}]}}