{"id":103,"date":"2013-10-27T19:00:26","date_gmt":"2013-10-27T19:00:26","guid":{"rendered":"https:\/\/revista-insaiguaviva.org\/curs2013-2014\/?p=103"},"modified":"2013-10-31T06:27:14","modified_gmt":"2013-10-31T06:27:14","slug":"parc-jalpi-arenys-de-munt","status":"publish","type":"post","link":"https:\/\/www.revista-insaiguaviva.org\/curs2013-2014\/2013\/10\/parc-jalpi-arenys-de-munt\/","title":{"rendered":"Parc Jalp\u00ed (Arenys de Munt)"},"content":{"rendered":"<p>El passat nou d&#8217;octubre, els alumnes de primer d&#8217;ESO van anar d&#8217;excursi\u00f3 al Parc Jalp\u00ed d&#8217;Arenys de Munt. <a href=\"https:\/\/revista-insaiguaviva.org\/curs2013-2014\/activitats\/parc-jalpi-arenys-de-munt\/\" target=\"_blank\">Aquestes<\/a> s\u00f3n algunes de les seves impressions sobre la sortida.<\/p>\n<p>Despr\u00e9s de llegir-les segur que us v\u00e9nen ganes de veure algunes fotos clicant <a href=\"https:\/\/picasaweb.google.com\/118000727510269724077\/Naturpark20132014\">aqu\u00ed<\/a>.<\/p>\n<p><a href=\"https:\/\/revista-insaiguaviva.org\/curs2013-2014\/wp-content\/uploads\/2013\/10\/IMG_1158.jpg\"><img loading=\"lazy\" decoding=\"async\" class=\"alignnone size-full wp-image-125\" alt=\"IMG_1158\" src=\"https:\/\/revista-insaiguaviva.org\/curs2013-2014\/wp-content\/uploads\/2013\/10\/IMG_1158.jpg\" width=\"128\" height=\"96\" \/><\/a><a href=\"https:\/\/revista-insaiguaviva.org\/curs2013-2014\/wp-content\/uploads\/2013\/10\/IMG_NP2.jpg\"><img loading=\"lazy\" decoding=\"async\" class=\"alignnone size-full wp-image-126\" alt=\"IMG_NP2\" src=\"https:\/\/revista-insaiguaviva.org\/curs2013-2014\/wp-content\/uploads\/2013\/10\/IMG_NP2.jpg\" width=\"128\" height=\"96\" \/><\/a><a href=\"https:\/\/revista-insaiguaviva.org\/curs2013-2014\/wp-content\/uploads\/2013\/10\/IMG_NP3.jpg\"><img loading=\"lazy\" decoding=\"async\" class=\"alignnone size-full wp-image-127\" alt=\"IMG_NP3\" src=\"https:\/\/revista-insaiguaviva.org\/curs2013-2014\/wp-content\/uploads\/2013\/10\/IMG_NP3.jpg\" width=\"128\" height=\"96\" \/><\/a><a href=\"https:\/\/revista-insaiguaviva.org\/curs2013-2014\/wp-content\/uploads\/2013\/10\/IMG_1264.jpg\"><img loading=\"lazy\" decoding=\"async\" class=\"alignnone size-full wp-image-128\" alt=\"IMG_1264\" src=\"https:\/\/revista-insaiguaviva.org\/curs2013-2014\/wp-content\/uploads\/2013\/10\/IMG_1264.jpg\" width=\"128\" height=\"96\" \/><\/a><\/p>\n","protected":false},"excerpt":{"rendered":"<p>El passat nou d&#8217;octubre, els alumnes de primer d&#8217;ESO van anar d&#8217;excursi\u00f3 al Parc Jalp\u00ed d&#8217;Arenys de Munt. Aquestes s\u00f3n algunes de les seves impressions sobre la sortida. Despr\u00e9s de llegir-les segur que us v\u00e9nen ganes de veure algunes fotos clicant aqu\u00ed.<\/p>\n","protected":false},"author":1,"featured_media":0,"comment_status":"open","ping_status":"open","sticky":false,"template":"","format":"standard","meta":{"footnotes":""},"categories":[1],"tags":[],"class_list":["post-103","post","type-post","status-publish","format-standard","hentry","category-general"],"_links":{"self":[{"href":"https:\/\/www.revista-insaiguaviva.org\/curs2013-2014\/wp-json\/wp\/v2\/posts\/103","targetHints":{"allow":["GET"]}}],"collection":[{"href":"https:\/\/www.revista-insaiguaviva.org\/curs2013-2014\/wp-json\/wp\/v2\/posts"}],"about":[{"href":"https:\/\/www.revista-insaiguaviva.org\/curs2013-2014\/wp-json\/wp\/v2\/types\/post"}],"author":[{"embeddable":true,"href":"https:\/\/www.revista-insaiguaviva.org\/curs2013-2014\/wp-json\/wp\/v2\/users\/1"}],"replies":[{"embeddable":true,"href":"https:\/\/www.revista-insaiguaviva.org\/curs2013-2014\/wp-json\/wp\/v2\/comments?post=103"}],"version-history":[{"count":4,"href":"https:\/\/www.revista-insaiguaviva.org\/curs2013-2014\/wp-json\/wp\/v2\/posts\/103\/revisions"}],"predecessor-version":[{"id":129,"href":"https:\/\/www.revista-insaiguaviva.org\/curs2013-2014\/wp-json\/wp\/v2\/posts\/103\/revisions\/129"}],"wp:attachment":[{"href":"https:\/\/www.revista-insaiguaviva.org\/curs2013-2014\/wp-json\/wp\/v2\/media?parent=103"}],"wp:term":[{"taxonomy":"category","embeddable":true,"href":"https:\/\/www.revista-insaiguaviva.org\/curs2013-2014\/wp-json\/wp\/v2\/categories?post=103"},{"taxonomy":"post_tag","embeddable":true,"href":"https:\/\/www.revista-insaiguaviva.org\/curs2013-2014\/wp-json\/wp\/v2\/tags?post=103"}],"curies":[{"name":"wp","href":"https:\/\/api.w.org\/{rel}","templated":true}]}}