{"id":512,"date":"2014-05-04T18:31:47","date_gmt":"2014-05-04T18:31:47","guid":{"rendered":"https:\/\/revista-insaiguaviva.org\/curs2013-2014\/?p=512"},"modified":"2014-05-04T18:47:38","modified_gmt":"2014-05-04T18:47:38","slug":"sant-jordi","status":"publish","type":"post","link":"https:\/\/www.revista-insaiguaviva.org\/curs2013-2014\/2014\/05\/sant-jordi\/","title":{"rendered":"Sant Jordi"},"content":{"rendered":"<p>El passat dia 23 vam celebrar a l&#8217;institut el lliurament del premis del <strong>III Concurs de Sant Jordi,<\/strong> per a treballs no nom\u00e9s literaris sin\u00f3 tamb\u00e9 dels \u00e0mbits cient\u00edfic i pl\u00e0stic.<\/p>\n<p>L&#8217;acte va ser presentat per la <strong>Marina Alc\u00e1ntara<\/strong> i la <strong>Laia Ondo\u00f1o<\/strong>, de 3r. ESO. La <strong>Roc\u00edo Osuna<\/strong>, amb la seva veu, i la <strong>Irene L\u00f3pez<\/strong> als teclats, hi \u00a0van posar la m\u00fasica.<\/p>\n<p><a href=\"https:\/\/revista-insaiguaviva.org\/curs2013-2014\/wp-content\/uploads\/2014\/05\/resized_IMG_4368.jpg\"><img loading=\"lazy\" decoding=\"async\" class=\"alignnone size-medium wp-image-513\" alt=\"resized_IMG_4368\" src=\"https:\/\/revista-insaiguaviva.org\/curs2013-2014\/wp-content\/uploads\/2014\/05\/resized_IMG_4368-200x300.jpg\" width=\"200\" height=\"300\" srcset=\"https:\/\/www.revista-insaiguaviva.org\/curs2013-2014\/wp-content\/uploads\/2014\/05\/resized_IMG_4368-200x300.jpg 200w, https:\/\/www.revista-insaiguaviva.org\/curs2013-2014\/wp-content\/uploads\/2014\/05\/resized_IMG_4368-682x1024.jpg 682w, https:\/\/www.revista-insaiguaviva.org\/curs2013-2014\/wp-content\/uploads\/2014\/05\/resized_IMG_4368.jpg 1728w\" sizes=\"auto, (max-width: 200px) 100vw, 200px\" \/><\/a><a href=\"https:\/\/revista-insaiguaviva.org\/curs2013-2014\/wp-content\/uploads\/2014\/05\/resized_IMG_4367.jpg\"><img loading=\"lazy\" decoding=\"async\" class=\"alignnone size-medium wp-image-514\" alt=\"resized_IMG_4367\" src=\"https:\/\/revista-insaiguaviva.org\/curs2013-2014\/wp-content\/uploads\/2014\/05\/resized_IMG_4367-200x300.jpg\" width=\"200\" height=\"300\" srcset=\"https:\/\/www.revista-insaiguaviva.org\/curs2013-2014\/wp-content\/uploads\/2014\/05\/resized_IMG_4367-200x300.jpg 200w, https:\/\/www.revista-insaiguaviva.org\/curs2013-2014\/wp-content\/uploads\/2014\/05\/resized_IMG_4367-682x1024.jpg 682w, https:\/\/www.revista-insaiguaviva.org\/curs2013-2014\/wp-content\/uploads\/2014\/05\/resized_IMG_4367.jpg 1728w\" sizes=\"auto, (max-width: 200px) 100vw, 200px\" \/><\/a><a href=\"https:\/\/revista-insaiguaviva.org\/curs2013-2014\/wp-content\/uploads\/2014\/05\/resized_IMG_4374.jpg\"><img loading=\"lazy\" decoding=\"async\" class=\"alignnone size-medium wp-image-515\" alt=\"resized_IMG_4374\" src=\"https:\/\/revista-insaiguaviva.org\/curs2013-2014\/wp-content\/uploads\/2014\/05\/resized_IMG_4374-200x300.jpg\" width=\"200\" height=\"300\" srcset=\"https:\/\/www.revista-insaiguaviva.org\/curs2013-2014\/wp-content\/uploads\/2014\/05\/resized_IMG_4374-200x300.jpg 200w, https:\/\/www.revista-insaiguaviva.org\/curs2013-2014\/wp-content\/uploads\/2014\/05\/resized_IMG_4374-682x1024.jpg 682w, https:\/\/www.revista-insaiguaviva.org\/curs2013-2014\/wp-content\/uploads\/2014\/05\/resized_IMG_4374.jpg 1728w\" sizes=\"auto, (max-width: 200px) 100vw, 200px\" \/><\/a><\/p>\n<p style=\"text-align: justify;\"><a href=\"https:\/\/revista-insaiguaviva.org\/curs2013-2014\/wp-content\/uploads\/2014\/05\/resized_IMG_4368.jpg\">E<\/a>ls encarregats de lliurar els premis van ser l&#8217;<strong>Esperanza Casabella<\/strong> (Visual i pl\u00e0stica), l&#8217;<strong>Assumpta Munt\u00f3<\/strong> (Lleng\u00fces estrangeres), la <strong>Merc\u00e8 Mouriz<\/strong> (Llengua castellana), l&#8217;<strong>Ernest Nogueira<\/strong> (Ci\u00e8ncies) i la <strong>M. Jos\u00e9 Murillo<\/strong> (Llengua catalana), en representaci\u00f3 de l&#8217;AMPA.<\/p>\n<p style=\"text-align: justify;\">Si voleu veure qui va guanyar els premis, aneu a <a href=\"https:\/\/revista-insaiguaviva.org\/curs2013-2014\/celebracions\/sant-jordi\/\">Celebracions\/Sant Jordi.<\/a><\/p>\n<p style=\"text-align: left;\"><a href=\"https:\/\/revista-insaiguaviva.org\/curs2013-2014\/wp-content\/uploads\/2014\/05\/resized_IMG_4386.jpg\"><img loading=\"lazy\" decoding=\"async\" class=\"size-medium wp-image-518 aligncenter\" alt=\"resized_IMG_4386\" src=\"https:\/\/revista-insaiguaviva.org\/curs2013-2014\/wp-content\/uploads\/2014\/05\/resized_IMG_4386-300x200.jpg\" width=\"300\" height=\"200\" srcset=\"https:\/\/www.revista-insaiguaviva.org\/curs2013-2014\/wp-content\/uploads\/2014\/05\/resized_IMG_4386-300x200.jpg 300w, https:\/\/www.revista-insaiguaviva.org\/curs2013-2014\/wp-content\/uploads\/2014\/05\/resized_IMG_4386-1024x682.jpg 1024w\" sizes=\"auto, (max-width: 300px) 100vw, 300px\" \/><\/a><\/p>\n<p style=\"text-align: left;\">Abans i despr\u00e9s de l&#8217;acte, els alumnes van poder visitar la <strong>parada de llibres de segona m\u00e0<\/strong> que els alumnes de 3r. d&#8217;ESO van muntar a la Rambla Balmes i que, segons ens han dit, va ser tot un \u00e8xit&#8230;<\/p>\n<p style=\"text-align: left;\"><a href=\"https:\/\/revista-insaiguaviva.org\/curs2013-2014\/wp-content\/uploads\/2014\/05\/resized_IMG_4389.jpg\"><img loading=\"lazy\" decoding=\"async\" class=\"aligncenter size-medium wp-image-522\" alt=\"resized_IMG_4389\" src=\"https:\/\/revista-insaiguaviva.org\/curs2013-2014\/wp-content\/uploads\/2014\/05\/resized_IMG_4389-300x200.jpg\" width=\"300\" height=\"200\" srcset=\"https:\/\/www.revista-insaiguaviva.org\/curs2013-2014\/wp-content\/uploads\/2014\/05\/resized_IMG_4389-300x200.jpg 300w, https:\/\/www.revista-insaiguaviva.org\/curs2013-2014\/wp-content\/uploads\/2014\/05\/resized_IMG_4389-1024x682.jpg 1024w\" sizes=\"auto, (max-width: 300px) 100vw, 300px\" \/><\/a><a href=\"https:\/\/revista-insaiguaviva.org\/curs2013-2014\/wp-content\/uploads\/2014\/05\/resized_IMG_4387.jpg\"><img loading=\"lazy\" decoding=\"async\" class=\"aligncenter size-medium wp-image-520\" alt=\"resized_IMG_4387\" src=\"https:\/\/revista-insaiguaviva.org\/curs2013-2014\/wp-content\/uploads\/2014\/05\/resized_IMG_4387-300x200.jpg\" width=\"300\" height=\"200\" srcset=\"https:\/\/www.revista-insaiguaviva.org\/curs2013-2014\/wp-content\/uploads\/2014\/05\/resized_IMG_4387-300x200.jpg 300w, https:\/\/www.revista-insaiguaviva.org\/curs2013-2014\/wp-content\/uploads\/2014\/05\/resized_IMG_4387-1024x682.jpg 1024w\" sizes=\"auto, (max-width: 300px) 100vw, 300px\" \/><\/a><a href=\"https:\/\/revista-insaiguaviva.org\/curs2013-2014\/wp-content\/uploads\/2014\/05\/resized_IMG_4388.jpg\"><img loading=\"lazy\" decoding=\"async\" class=\"aligncenter size-medium wp-image-521\" alt=\"resized_IMG_4388\" src=\"https:\/\/revista-insaiguaviva.org\/curs2013-2014\/wp-content\/uploads\/2014\/05\/resized_IMG_4388-300x200.jpg\" width=\"300\" height=\"200\" srcset=\"https:\/\/www.revista-insaiguaviva.org\/curs2013-2014\/wp-content\/uploads\/2014\/05\/resized_IMG_4388-300x200.jpg 300w, https:\/\/www.revista-insaiguaviva.org\/curs2013-2014\/wp-content\/uploads\/2014\/05\/resized_IMG_4388-1024x682.jpg 1024w\" sizes=\"auto, (max-width: 300px) 100vw, 300px\" \/><\/a><\/p>\n","protected":false},"excerpt":{"rendered":"<p>El passat dia 23 vam celebrar a l&#8217;institut el lliurament del premis del III Concurs de Sant Jordi, per a treballs no nom\u00e9s literaris sin\u00f3 tamb\u00e9 dels \u00e0mbits cient\u00edfic i pl\u00e0stic. L&#8217;acte va ser presentat per la Marina Alc\u00e1ntara i la Laia Ondo\u00f1o, de 3r. ESO. La Roc\u00edo Osuna, amb la seva veu, i la &hellip; <a href=\"https:\/\/www.revista-insaiguaviva.org\/curs2013-2014\/2014\/05\/sant-jordi\/\" class=\"more-link\">Continua la lectura de <span class=\"screen-reader-text\">Sant Jordi<\/span> <span class=\"meta-nav\">&rarr;<\/span><\/a><\/p>\n","protected":false},"author":1,"featured_media":0,"comment_status":"open","ping_status":"open","sticky":false,"template":"","format":"standard","meta":{"footnotes":""},"categories":[1],"tags":[],"class_list":["post-512","post","type-post","status-publish","format-standard","hentry","category-general"],"_links":{"self":[{"href":"https:\/\/www.revista-insaiguaviva.org\/curs2013-2014\/wp-json\/wp\/v2\/posts\/512","targetHints":{"allow":["GET"]}}],"collection":[{"href":"https:\/\/www.revista-insaiguaviva.org\/curs2013-2014\/wp-json\/wp\/v2\/posts"}],"about":[{"href":"https:\/\/www.revista-insaiguaviva.org\/curs2013-2014\/wp-json\/wp\/v2\/types\/post"}],"author":[{"embeddable":true,"href":"https:\/\/www.revista-insaiguaviva.org\/curs2013-2014\/wp-json\/wp\/v2\/users\/1"}],"replies":[{"embeddable":true,"href":"https:\/\/www.revista-insaiguaviva.org\/curs2013-2014\/wp-json\/wp\/v2\/comments?post=512"}],"version-history":[{"count":6,"href":"https:\/\/www.revista-insaiguaviva.org\/curs2013-2014\/wp-json\/wp\/v2\/posts\/512\/revisions"}],"predecessor-version":[{"id":526,"href":"https:\/\/www.revista-insaiguaviva.org\/curs2013-2014\/wp-json\/wp\/v2\/posts\/512\/revisions\/526"}],"wp:attachment":[{"href":"https:\/\/www.revista-insaiguaviva.org\/curs2013-2014\/wp-json\/wp\/v2\/media?parent=512"}],"wp:term":[{"taxonomy":"category","embeddable":true,"href":"https:\/\/www.revista-insaiguaviva.org\/curs2013-2014\/wp-json\/wp\/v2\/categories?post=512"},{"taxonomy":"post_tag","embeddable":true,"href":"https:\/\/www.revista-insaiguaviva.org\/curs2013-2014\/wp-json\/wp\/v2\/tags?post=512"}],"curies":[{"name":"wp","href":"https:\/\/api.w.org\/{rel}","templated":true}]}}