{"id":590,"date":"2014-06-09T16:18:14","date_gmt":"2014-06-09T16:18:14","guid":{"rendered":"https:\/\/revista-insaiguaviva.org\/curs2013-2014\/?p=590"},"modified":"2014-06-09T16:23:17","modified_gmt":"2014-06-09T16:23:17","slug":"miguel-luque-nedador-paralimpic","status":"publish","type":"post","link":"https:\/\/www.revista-insaiguaviva.org\/curs2013-2014\/2014\/06\/miguel-luque-nedador-paralimpic\/","title":{"rendered":"Miguel Luque, nedador paral\u00edmpic"},"content":{"rendered":"<p style=\"text-align: justify;\">Aquest mat\u00ed ens ha visitat el <strong>nedador paral\u00edmpic Miguel Luque.<\/strong> L&#8217;hem convidat a participar en el <strong>cr\u00e8dit de s\u00edntesi de 2n.<\/strong> perqu\u00e8 ens expliqu\u00e9s la seva traject\u00f2ria professional, els seus inicis en el m\u00f3n de la competici\u00f3, els reptes que t\u00e9 plantejats&#8230;<\/p>\n<p style=\"text-align: justify;\">Despr\u00e9s de passar-nos unes imatges seves i anar-les comentant, li hem pogut fer preguntes perqu\u00e8 un dels exercicis del cr\u00e8dit \u00e9s fer una biografia seva. I, al final, ha hagut de signar un munt aut\u00f2grafs i ens hem fet aquesta foto per immortalitzar el moment:<\/p>\n<p style=\"text-align: justify;\"><a href=\"https:\/\/revista-insaiguaviva.org\/curs2013-2014\/wp-content\/uploads\/2014\/06\/resized_180.jpg\"><img loading=\"lazy\" decoding=\"async\" class=\"aligncenter size-medium wp-image-591\" alt=\"resized_180\" src=\"https:\/\/revista-insaiguaviva.org\/curs2013-2014\/wp-content\/uploads\/2014\/06\/resized_180-300x200.jpg\" width=\"300\" height=\"200\" srcset=\"https:\/\/www.revista-insaiguaviva.org\/curs2013-2014\/wp-content\/uploads\/2014\/06\/resized_180-300x200.jpg 300w, https:\/\/www.revista-insaiguaviva.org\/curs2013-2014\/wp-content\/uploads\/2014\/06\/resized_180-1024x682.jpg 1024w, https:\/\/www.revista-insaiguaviva.org\/curs2013-2014\/wp-content\/uploads\/2014\/06\/resized_180.jpg 1728w\" sizes=\"auto, (max-width: 300px) 100vw, 300px\" \/><\/a><\/p>\n<p style=\"text-align: justify;\">\u00a0 \u00a0 \u00a0 \u00a0 \u00a0 \u00a0 \u00a0 \u00a0 \u00a0 \u00a0 \u00a0 \u00a0 \u00a0 \u00a0 \u00a0 \u00a0 \u00a0 \u00a0 \u00a0 \u00a0 \u00a0 \u00a0 \u00a0 \u00a0 \u00a0 \u00a0 \u00a0 \u00a0 \u00a0 \u00a0 \u00a0 \u00a0 \u00a0 \u00a0 \u00a0 \u00a0 \u00a0 \u00a0 \u00a0 \u00a0 \u00a0 \u00a0 \u00a0 \u00a0 \u00a0 \u00a0 \u00a0 \u00a0 \u00a0 \u00a0 \u00a0 \u00a0 \u00a0 \u00a0 \u00a0 \u00a0 \u00a0 \u00a0 \u00a0 \u00a0 \u00a0 \u00a0 \u00a0 \u00a0 \u00a0 \u00a0 \u00a0 \u00a0 \u00a0 \u00a0 \u00a0 \u00a0 \u00a0 \u00a0 \u00a0 \u00a0 \u00a0 \u00a0 \u00a0 \u00a0<a href=\"https:\/\/picasaweb.google.com\/108645244170341832553\/MIGUELLUQUECrEDITSINTESI2nESO\">(+FOTOS)<\/a><\/p>\n","protected":false},"excerpt":{"rendered":"<p>Aquest mat\u00ed ens ha visitat el nedador paral\u00edmpic Miguel Luque. L&#8217;hem convidat a participar en el cr\u00e8dit de s\u00edntesi de 2n. perqu\u00e8 ens expliqu\u00e9s la seva traject\u00f2ria professional, els seus inicis en el m\u00f3n de la competici\u00f3, els reptes que t\u00e9 plantejats&#8230; Despr\u00e9s de passar-nos unes imatges seves i anar-les comentant, li hem pogut fer &hellip; <a href=\"https:\/\/www.revista-insaiguaviva.org\/curs2013-2014\/2014\/06\/miguel-luque-nedador-paralimpic\/\" class=\"more-link\">Continua la lectura de <span class=\"screen-reader-text\">Miguel Luque, nedador paral\u00edmpic<\/span> <span class=\"meta-nav\">&rarr;<\/span><\/a><\/p>\n","protected":false},"author":1,"featured_media":0,"comment_status":"open","ping_status":"open","sticky":false,"template":"","format":"standard","meta":{"footnotes":""},"categories":[1],"tags":[],"class_list":["post-590","post","type-post","status-publish","format-standard","hentry","category-general"],"_links":{"self":[{"href":"https:\/\/www.revista-insaiguaviva.org\/curs2013-2014\/wp-json\/wp\/v2\/posts\/590","targetHints":{"allow":["GET"]}}],"collection":[{"href":"https:\/\/www.revista-insaiguaviva.org\/curs2013-2014\/wp-json\/wp\/v2\/posts"}],"about":[{"href":"https:\/\/www.revista-insaiguaviva.org\/curs2013-2014\/wp-json\/wp\/v2\/types\/post"}],"author":[{"embeddable":true,"href":"https:\/\/www.revista-insaiguaviva.org\/curs2013-2014\/wp-json\/wp\/v2\/users\/1"}],"replies":[{"embeddable":true,"href":"https:\/\/www.revista-insaiguaviva.org\/curs2013-2014\/wp-json\/wp\/v2\/comments?post=590"}],"version-history":[{"count":3,"href":"https:\/\/www.revista-insaiguaviva.org\/curs2013-2014\/wp-json\/wp\/v2\/posts\/590\/revisions"}],"predecessor-version":[{"id":595,"href":"https:\/\/www.revista-insaiguaviva.org\/curs2013-2014\/wp-json\/wp\/v2\/posts\/590\/revisions\/595"}],"wp:attachment":[{"href":"https:\/\/www.revista-insaiguaviva.org\/curs2013-2014\/wp-json\/wp\/v2\/media?parent=590"}],"wp:term":[{"taxonomy":"category","embeddable":true,"href":"https:\/\/www.revista-insaiguaviva.org\/curs2013-2014\/wp-json\/wp\/v2\/categories?post=590"},{"taxonomy":"post_tag","embeddable":true,"href":"https:\/\/www.revista-insaiguaviva.org\/curs2013-2014\/wp-json\/wp\/v2\/tags?post=590"}],"curies":[{"name":"wp","href":"https:\/\/api.w.org\/{rel}","templated":true}]}}