{"id":623,"date":"2014-06-15T15:58:57","date_gmt":"2014-06-15T15:58:57","guid":{"rendered":"https:\/\/revista-insaiguaviva.org\/curs2013-2014\/?p=623"},"modified":"2014-06-24T16:05:19","modified_gmt":"2014-06-24T16:05:19","slug":"caiac-i-vela-3r-deso","status":"publish","type":"post","link":"https:\/\/www.revista-insaiguaviva.org\/curs2013-2014\/2014\/06\/caiac-i-vela-3r-deso\/","title":{"rendered":"Caiac i vela 3r. d&#8217;ESO"},"content":{"rendered":"<p style=\"text-align: justify;\">Com que el <strong>cr\u00e8dit de s\u00edntesi de 3r. d&#8217;ESO<\/strong> tracta de la Mediter\u00e0nia, un de les activitats del cr\u00e8dit va ser anar a fer unes pr\u00e0ctiques de <strong>caiac i vela<\/strong> al port d&#8217;<strong>Arenys de Mar<\/strong>. Veient les fotos sembla, per\u00f2, que no tot va ser navegaci\u00f3: tamb\u00e9 hi va haver temps per prendre el sol i\u00a0 fer un banyet.<\/p>\n<p><a href=\"https:\/\/revista-insaiguaviva.org\/curs2013-2014\/wp-content\/uploads\/2014\/06\/caiac.jpg\"><img loading=\"lazy\" decoding=\"async\" class=\"size-full wp-image-626 alignnone\" alt=\"caiac\" src=\"https:\/\/revista-insaiguaviva.org\/curs2013-2014\/wp-content\/uploads\/2014\/06\/caiac.jpg\" width=\"128\" height=\"96\" \/><\/a><a href=\"https:\/\/revista-insaiguaviva.org\/curs2013-2014\/wp-content\/uploads\/2014\/06\/vela.jpg\"><img loading=\"lazy\" decoding=\"async\" class=\"alignnone  wp-image-628\" alt=\"vela\" src=\"https:\/\/revista-insaiguaviva.org\/curs2013-2014\/wp-content\/uploads\/2014\/06\/vela.jpg\" width=\"128\" height=\"96\" \/><\/a><a href=\"https:\/\/revista-insaiguaviva.org\/curs2013-2014\/wp-content\/uploads\/2014\/06\/platja.jpg\"><img loading=\"lazy\" decoding=\"async\" class=\"alignnone size-full wp-image-627\" alt=\"platja\" src=\"https:\/\/revista-insaiguaviva.org\/curs2013-2014\/wp-content\/uploads\/2014\/06\/platja.jpg\" width=\"128\" height=\"96\" \/><\/a><a href=\"https:\/\/revista-insaiguaviva.org\/curs2013-2014\/wp-content\/uploads\/2014\/06\/arenys.jpg\"><img loading=\"lazy\" decoding=\"async\" class=\"alignnone size-full wp-image-631\" alt=\"arenys\" src=\"https:\/\/revista-insaiguaviva.org\/curs2013-2014\/wp-content\/uploads\/2014\/06\/arenys.jpg\" width=\"128\" height=\"96\" \/><\/a><\/p>\n<p style=\"text-align: justify;\">[+<a href=\"https:\/\/picasaweb.google.com\/108645244170341832553\/CAIACIVELA3rESO201314\">FOTOS<\/a>]<\/p>\n","protected":false},"excerpt":{"rendered":"<p>Com que el cr\u00e8dit de s\u00edntesi de 3r. d&#8217;ESO tracta de la Mediter\u00e0nia, un de les activitats del cr\u00e8dit va ser anar a fer unes pr\u00e0ctiques de caiac i vela al port d&#8217;Arenys de Mar. Veient les fotos sembla, per\u00f2, que no tot va ser navegaci\u00f3: tamb\u00e9 hi va haver temps per prendre el sol &hellip; <a href=\"https:\/\/www.revista-insaiguaviva.org\/curs2013-2014\/2014\/06\/caiac-i-vela-3r-deso\/\" class=\"more-link\">Continua la lectura de <span class=\"screen-reader-text\">Caiac i vela 3r. d&#8217;ESO<\/span> <span class=\"meta-nav\">&rarr;<\/span><\/a><\/p>\n","protected":false},"author":1,"featured_media":0,"comment_status":"open","ping_status":"open","sticky":false,"template":"","format":"standard","meta":{"footnotes":""},"categories":[1],"tags":[],"class_list":["post-623","post","type-post","status-publish","format-standard","hentry","category-general"],"_links":{"self":[{"href":"https:\/\/www.revista-insaiguaviva.org\/curs2013-2014\/wp-json\/wp\/v2\/posts\/623","targetHints":{"allow":["GET"]}}],"collection":[{"href":"https:\/\/www.revista-insaiguaviva.org\/curs2013-2014\/wp-json\/wp\/v2\/posts"}],"about":[{"href":"https:\/\/www.revista-insaiguaviva.org\/curs2013-2014\/wp-json\/wp\/v2\/types\/post"}],"author":[{"embeddable":true,"href":"https:\/\/www.revista-insaiguaviva.org\/curs2013-2014\/wp-json\/wp\/v2\/users\/1"}],"replies":[{"embeddable":true,"href":"https:\/\/www.revista-insaiguaviva.org\/curs2013-2014\/wp-json\/wp\/v2\/comments?post=623"}],"version-history":[{"count":4,"href":"https:\/\/www.revista-insaiguaviva.org\/curs2013-2014\/wp-json\/wp\/v2\/posts\/623\/revisions"}],"predecessor-version":[{"id":632,"href":"https:\/\/www.revista-insaiguaviva.org\/curs2013-2014\/wp-json\/wp\/v2\/posts\/623\/revisions\/632"}],"wp:attachment":[{"href":"https:\/\/www.revista-insaiguaviva.org\/curs2013-2014\/wp-json\/wp\/v2\/media?parent=623"}],"wp:term":[{"taxonomy":"category","embeddable":true,"href":"https:\/\/www.revista-insaiguaviva.org\/curs2013-2014\/wp-json\/wp\/v2\/categories?post=623"},{"taxonomy":"post_tag","embeddable":true,"href":"https:\/\/www.revista-insaiguaviva.org\/curs2013-2014\/wp-json\/wp\/v2\/tags?post=623"}],"curies":[{"name":"wp","href":"https:\/\/api.w.org\/{rel}","templated":true}]}}