{"id":117,"date":"2017-03-12T19:10:02","date_gmt":"2017-03-12T17:10:02","guid":{"rendered":"https:\/\/revista-insaiguaviva.org\/curs2016-2017\/?p=117"},"modified":"2017-10-24T21:38:32","modified_gmt":"2017-10-24T19:38:32","slug":"8-de-marc-dia-internacional-de-la-dona","status":"publish","type":"post","link":"https:\/\/www.revista-insaiguaviva.org\/curs2016-2017\/2017\/03\/12\/8-de-marc-dia-internacional-de-la-dona\/","title":{"rendered":"8 de mar\u00e7. Dia internacional de la dona."},"content":{"rendered":"<p><strong><em>Som la veu de les que ja no la poden al\u00e7ar.<\/em><\/strong><\/p>\n<p>&nbsp;<\/p>\n<p><a href=\"https:\/\/revista-insaiguaviva.org\/curs2016-2017\/wp-content\/uploads\/2017\/03\/FOTO8MARC\u0327.jpg\"><img loading=\"lazy\" decoding=\"async\" class=\"alignnone size-medium wp-image-118 aligncenter\" src=\"https:\/\/revista-insaiguaviva.org\/curs2016-2017\/wp-content\/uploads\/2017\/03\/FOTO8MARC\u0327-300x225.jpg\" alt=\"\" width=\"300\" height=\"225\" srcset=\"https:\/\/www.revista-insaiguaviva.org\/curs2016-2017\/wp-content\/uploads\/2017\/03\/FOTO8MARC\u0327-300x225.jpg 300w, https:\/\/www.revista-insaiguaviva.org\/curs2016-2017\/wp-content\/uploads\/2017\/03\/FOTO8MARC\u0327-768x576.jpg 768w, https:\/\/www.revista-insaiguaviva.org\/curs2016-2017\/wp-content\/uploads\/2017\/03\/FOTO8MARC\u0327-1024x768.jpg 1024w, https:\/\/www.revista-insaiguaviva.org\/curs2016-2017\/wp-content\/uploads\/2017\/03\/FOTO8MARC\u0327.jpg 1600w\" sizes=\"auto, (max-width: 300px) 100vw, 300px\" \/><\/a><\/p>\n<p>Cartell fet per Catherine Gal\u00e1n, N\u00faria Silanes, Mireia L\u00f3pez i Leire Arroyes \u00a0(4t C ESO).<\/p>\n","protected":false},"excerpt":{"rendered":"<p>Som la veu de les que ja no la poden al\u00e7ar. &nbsp; Cartell fet per Catherine Gal\u00e1n, N\u00faria Silanes, Mireia L\u00f3pez i Leire Arroyes \u00a0(4t C ESO).<\/p>\n","protected":false},"author":3,"featured_media":0,"comment_status":"closed","ping_status":"closed","sticky":false,"template":"","format":"standard","meta":{"footnotes":""},"categories":[31],"tags":[],"class_list":["post-117","post","type-post","status-publish","format-standard","hentry","category-8-de-marc-dia-internacional-de-la-dona"],"_links":{"self":[{"href":"https:\/\/www.revista-insaiguaviva.org\/curs2016-2017\/wp-json\/wp\/v2\/posts\/117","targetHints":{"allow":["GET"]}}],"collection":[{"href":"https:\/\/www.revista-insaiguaviva.org\/curs2016-2017\/wp-json\/wp\/v2\/posts"}],"about":[{"href":"https:\/\/www.revista-insaiguaviva.org\/curs2016-2017\/wp-json\/wp\/v2\/types\/post"}],"author":[{"embeddable":true,"href":"https:\/\/www.revista-insaiguaviva.org\/curs2016-2017\/wp-json\/wp\/v2\/users\/3"}],"replies":[{"embeddable":true,"href":"https:\/\/www.revista-insaiguaviva.org\/curs2016-2017\/wp-json\/wp\/v2\/comments?post=117"}],"version-history":[{"count":2,"href":"https:\/\/www.revista-insaiguaviva.org\/curs2016-2017\/wp-json\/wp\/v2\/posts\/117\/revisions"}],"predecessor-version":[{"id":185,"href":"https:\/\/www.revista-insaiguaviva.org\/curs2016-2017\/wp-json\/wp\/v2\/posts\/117\/revisions\/185"}],"wp:attachment":[{"href":"https:\/\/www.revista-insaiguaviva.org\/curs2016-2017\/wp-json\/wp\/v2\/media?parent=117"}],"wp:term":[{"taxonomy":"category","embeddable":true,"href":"https:\/\/www.revista-insaiguaviva.org\/curs2016-2017\/wp-json\/wp\/v2\/categories?post=117"},{"taxonomy":"post_tag","embeddable":true,"href":"https:\/\/www.revista-insaiguaviva.org\/curs2016-2017\/wp-json\/wp\/v2\/tags?post=117"}],"curies":[{"name":"wp","href":"https:\/\/api.w.org\/{rel}","templated":true}]}}