{"id":122,"date":"2017-03-13T19:32:30","date_gmt":"2017-03-13T17:32:30","guid":{"rendered":"https:\/\/revista-insaiguaviva.org\/curs2016-2017\/?p=122"},"modified":"2017-10-20T10:52:37","modified_gmt":"2017-10-20T08:52:37","slug":"anem-de-public-al-tot-o-res-de-tv3","status":"publish","type":"post","link":"https:\/\/www.revista-insaiguaviva.org\/curs2016-2017\/2017\/03\/13\/anem-de-public-al-tot-o-res-de-tv3\/","title":{"rendered":"Anem de p\u00fablic al &#8220;Tot o res&#8221; de TV3"},"content":{"rendered":"<p>El passat dimecres 1 de mar\u00e7 l\u2019alumnat de 3r d\u2019ESO vam gaudir d\u2019una jornada de conviv\u00e8ncia, aprenentatge i lleure: el departament de llengua havia organitzat una sortida a la Televisi\u00f3 de Catalunya, al programa \u201cTot o res\u201d. Vam passar-ho la mar de b\u00e9 mentre apren\u00edem com \u00e9s un plat\u00f3 de televisi\u00f3 per dins i coneix\u00edem de m\u00e9s a prop l\u2019Ares Teixid\u00f3 i tot l\u2019equip.<\/p>\n<p>Sens dubte, una nova experi\u00e8ncia per a la nostra motxilla Aiguaviva!<\/p>\n<p>Ens podreu veure aplaudint com els que m\u00e9s la setmana del 20 al 25 de mar\u00e7 durant l\u2019emissi\u00f3 del programa a tv3 a les 20.05 hores del vespre.<\/p>\n<p><a href=\"https:\/\/revista-insaiguaviva.org\/curs2016-2017\/wp-content\/uploads\/2017\/03\/tot.jpg\"><img loading=\"lazy\" decoding=\"async\" class=\"alignnone size-medium wp-image-123 aligncenter\" src=\"https:\/\/revista-insaiguaviva.org\/curs2016-2017\/wp-content\/uploads\/2017\/03\/tot-300x225.jpg\" alt=\"\" width=\"300\" height=\"225\" srcset=\"https:\/\/www.revista-insaiguaviva.org\/curs2016-2017\/wp-content\/uploads\/2017\/03\/tot-300x225.jpg 300w, https:\/\/www.revista-insaiguaviva.org\/curs2016-2017\/wp-content\/uploads\/2017\/03\/tot.jpg 768w\" sizes=\"auto, (max-width: 300px) 100vw, 300px\" \/><\/a><\/p>\n<p>&nbsp;<\/p>\n<p style=\"text-align: center;\"><a href=\"https:\/\/revista-insaiguaviva.org\/curs2016-2017\/wp-content\/uploads\/2017\/03\/res.jpg\"><img loading=\"lazy\" decoding=\"async\" class=\"alignnone size-medium wp-image-124\" src=\"https:\/\/revista-insaiguaviva.org\/curs2016-2017\/wp-content\/uploads\/2017\/03\/res-300x225.jpg\" alt=\"\" width=\"300\" height=\"225\" srcset=\"https:\/\/www.revista-insaiguaviva.org\/curs2016-2017\/wp-content\/uploads\/2017\/03\/res-300x225.jpg 300w, https:\/\/www.revista-insaiguaviva.org\/curs2016-2017\/wp-content\/uploads\/2017\/03\/res.jpg 768w\" sizes=\"auto, (max-width: 300px) 100vw, 300px\" \/><\/a><\/p>\n<p>&nbsp;<\/p>\n","protected":false},"excerpt":{"rendered":"<p>El passat dimecres 1 de mar\u00e7 l\u2019alumnat de 3r d\u2019ESO vam gaudir d\u2019una jornada de conviv\u00e8ncia, aprenentatge i lleure: el departament de llengua havia organitzat una sortida a la Televisi\u00f3 de Catalunya, al programa \u201cTot o res\u201d. Vam passar-ho la mar de b\u00e9 mentre apren\u00edem com \u00e9s un plat\u00f3 de televisi\u00f3 per dins i coneix\u00edem &hellip; <a href=\"https:\/\/www.revista-insaiguaviva.org\/curs2016-2017\/2017\/03\/13\/anem-de-public-al-tot-o-res-de-tv3\/\" class=\"more-link\">Continua la lectura de <span class=\"screen-reader-text\">Anem de p\u00fablic al &#8220;Tot o res&#8221; de TV3<\/span> <span class=\"meta-nav\">&rarr;<\/span><\/a><\/p>\n","protected":false},"author":3,"featured_media":0,"comment_status":"closed","ping_status":"closed","sticky":false,"template":"","format":"standard","meta":{"footnotes":""},"categories":[29,32],"tags":[],"class_list":["post-122","post","type-post","status-publish","format-standard","hentry","category-sortides","category-tot-o-res"],"_links":{"self":[{"href":"https:\/\/www.revista-insaiguaviva.org\/curs2016-2017\/wp-json\/wp\/v2\/posts\/122","targetHints":{"allow":["GET"]}}],"collection":[{"href":"https:\/\/www.revista-insaiguaviva.org\/curs2016-2017\/wp-json\/wp\/v2\/posts"}],"about":[{"href":"https:\/\/www.revista-insaiguaviva.org\/curs2016-2017\/wp-json\/wp\/v2\/types\/post"}],"author":[{"embeddable":true,"href":"https:\/\/www.revista-insaiguaviva.org\/curs2016-2017\/wp-json\/wp\/v2\/users\/3"}],"replies":[{"embeddable":true,"href":"https:\/\/www.revista-insaiguaviva.org\/curs2016-2017\/wp-json\/wp\/v2\/comments?post=122"}],"version-history":[{"count":1,"href":"https:\/\/www.revista-insaiguaviva.org\/curs2016-2017\/wp-json\/wp\/v2\/posts\/122\/revisions"}],"predecessor-version":[{"id":125,"href":"https:\/\/www.revista-insaiguaviva.org\/curs2016-2017\/wp-json\/wp\/v2\/posts\/122\/revisions\/125"}],"wp:attachment":[{"href":"https:\/\/www.revista-insaiguaviva.org\/curs2016-2017\/wp-json\/wp\/v2\/media?parent=122"}],"wp:term":[{"taxonomy":"category","embeddable":true,"href":"https:\/\/www.revista-insaiguaviva.org\/curs2016-2017\/wp-json\/wp\/v2\/categories?post=122"},{"taxonomy":"post_tag","embeddable":true,"href":"https:\/\/www.revista-insaiguaviva.org\/curs2016-2017\/wp-json\/wp\/v2\/tags?post=122"}],"curies":[{"name":"wp","href":"https:\/\/api.w.org\/{rel}","templated":true}]}}