{"id":51,"date":"2016-12-11T21:09:34","date_gmt":"2016-12-11T19:09:34","guid":{"rendered":"https:\/\/revista-insaiguaviva.org\/curs2016-2017\/?p=51"},"modified":"2017-10-20T10:52:22","modified_gmt":"2017-10-20T08:52:22","slug":"51","status":"publish","type":"post","link":"https:\/\/www.revista-insaiguaviva.org\/curs2016-2017\/2016\/12\/11\/51\/","title":{"rendered":"FEM R\u00c0DIO. PROGRAMA 2."},"content":{"rendered":"<p>HOLA, BON DIA A TOTHOM!<\/p>\n<p>Som els nois i noies de l&#8217;Optativa de r\u00e0dio de segon\u00a0d&#8217;ESO de l&#8217;institut Aiguaviva. Som en Micaias Chaves, la Laura Fern\u00e1ndez, en\u00a0Joel Garc\u00eda, la Maria Garc\u00eda, l&#8217;Alba Morales, la Ibet Ortiz, l&#8217;Anna Ruiz i la Virginia\u00a0Valderrama.<\/p>\n<p>Tot seguit, podreu escoltar el nostre segon programa de r\u00e0dio! Esperem que us\u00a0agradi!<\/p>\n<p>Comen\u00e7arem explicant-vos una hist\u00f2ria de terror. Passa al nostre institut i la vam\u00a0escriure la Cl\u00e0udia Castells i jo mateixa, l&#8217;Alba Morales, per a l&#8217;assignatura de\u00a0Castell\u00e0. Es titula \u00abTerror en el instituto\u00bb. A continuaci\u00f3, us descobrirem algunes\u00a0curiositats del m\u00f3n animal. Seguidament, us informarem d&#8217;una s\u00e8rie de q\u00fcestions\u00a0relacionades amb el nostre institut. I, per acabar el nostre segon programa, us\u00a0presentarem un TOP10 de les pel\u00b7l\u00edcules m\u00e9s vistes aquest 2016!<\/p>\n<p><iframe loading=\"lazy\" id=\"audio_14863118\" style=\"border: 1px solid #EEE; box-sizing: border-box; width: 100%;\" src=\"https:\/\/www.ivoox.com\/player_ej_14863118_4_1.html?c1=ff6600\" width=\"300\" height=\"200\" frameborder=\"0\" scrolling=\"no\" allowfullscreen=\"allowfullscreen\"><\/iframe><\/p>\n<p>Esperem que us hagi agradat el nostre segon programa de r\u00e0dio! Fins a la\u00a0propera!<\/p>\n","protected":false},"excerpt":{"rendered":"<p>HOLA, BON DIA A TOTHOM! Som els nois i noies de l&#8217;Optativa de r\u00e0dio de segon\u00a0d&#8217;ESO de l&#8217;institut Aiguaviva. Som en Micaias Chaves, la Laura Fern\u00e1ndez, en\u00a0Joel Garc\u00eda, la Maria Garc\u00eda, l&#8217;Alba Morales, la Ibet Ortiz, l&#8217;Anna Ruiz i la Virginia\u00a0Valderrama. Tot seguit, podreu escoltar el nostre segon programa de r\u00e0dio! Esperem que us\u00a0agradi! Comen\u00e7arem &hellip; <a href=\"https:\/\/www.revista-insaiguaviva.org\/curs2016-2017\/2016\/12\/11\/51\/\" class=\"more-link\">Continua la lectura de <span class=\"screen-reader-text\">FEM R\u00c0DIO. PROGRAMA 2.<\/span> <span class=\"meta-nav\">&rarr;<\/span><\/a><\/p>\n","protected":false},"author":2,"featured_media":0,"comment_status":"closed","ping_status":"closed","sticky":false,"template":"","format":"standard","meta":{"footnotes":""},"categories":[10,26],"tags":[],"class_list":["post-51","post","type-post","status-publish","format-standard","hentry","category-fem-radio","category-fem-radio-programa-2"],"_links":{"self":[{"href":"https:\/\/www.revista-insaiguaviva.org\/curs2016-2017\/wp-json\/wp\/v2\/posts\/51","targetHints":{"allow":["GET"]}}],"collection":[{"href":"https:\/\/www.revista-insaiguaviva.org\/curs2016-2017\/wp-json\/wp\/v2\/posts"}],"about":[{"href":"https:\/\/www.revista-insaiguaviva.org\/curs2016-2017\/wp-json\/wp\/v2\/types\/post"}],"author":[{"embeddable":true,"href":"https:\/\/www.revista-insaiguaviva.org\/curs2016-2017\/wp-json\/wp\/v2\/users\/2"}],"replies":[{"embeddable":true,"href":"https:\/\/www.revista-insaiguaviva.org\/curs2016-2017\/wp-json\/wp\/v2\/comments?post=51"}],"version-history":[{"count":3,"href":"https:\/\/www.revista-insaiguaviva.org\/curs2016-2017\/wp-json\/wp\/v2\/posts\/51\/revisions"}],"predecessor-version":[{"id":55,"href":"https:\/\/www.revista-insaiguaviva.org\/curs2016-2017\/wp-json\/wp\/v2\/posts\/51\/revisions\/55"}],"wp:attachment":[{"href":"https:\/\/www.revista-insaiguaviva.org\/curs2016-2017\/wp-json\/wp\/v2\/media?parent=51"}],"wp:term":[{"taxonomy":"category","embeddable":true,"href":"https:\/\/www.revista-insaiguaviva.org\/curs2016-2017\/wp-json\/wp\/v2\/categories?post=51"},{"taxonomy":"post_tag","embeddable":true,"href":"https:\/\/www.revista-insaiguaviva.org\/curs2016-2017\/wp-json\/wp\/v2\/tags?post=51"}],"curies":[{"name":"wp","href":"https:\/\/api.w.org\/{rel}","templated":true}]}}