{"id":59,"date":"2016-12-14T13:00:18","date_gmt":"2016-12-14T11:00:18","guid":{"rendered":"https:\/\/revista-insaiguaviva.org\/curs2016-2017\/?p=59"},"modified":"2017-10-03T20:04:59","modified_gmt":"2017-10-03T18:04:59","slug":"manifest-ins-aiguaviva-contra-la-violencia-de-genere","status":"publish","type":"post","link":"https:\/\/www.revista-insaiguaviva.org\/curs2016-2017\/2016\/12\/14\/manifest-ins-aiguaviva-contra-la-violencia-de-genere\/","title":{"rendered":"MANIFEST INS AIGUAVIVA CONTRA LA VIOL\u00c8NCIA DE G\u00c8NERE"},"content":{"rendered":"<p>&nbsp;<\/p>\n<p>El 25 de novembre el nostre institut va assistir a la lectura del manifest del 25 de novembre, dia internacional contra la viol\u00e8ncia envers les dones, acte convocat per l&#8217;Ajuntament de Mollet.<\/p>\n<p>Us deixem unes fotos dels nostres representants a l&#8217;acte:<\/p>\n<p><a href=\"https:\/\/revista-insaiguaviva.org\/curs2016-2017\/wp-content\/uploads\/2016\/12\/IMG-20161204-WA0002.jpg\"><img loading=\"lazy\" decoding=\"async\" class=\"wp-image-61 size-large aligncenter\" src=\"https:\/\/revista-insaiguaviva.org\/curs2016-2017\/wp-content\/uploads\/2016\/12\/IMG-20161204-WA0002-1024x760.jpg\" width=\"474\" height=\"352\" srcset=\"https:\/\/www.revista-insaiguaviva.org\/curs2016-2017\/wp-content\/uploads\/2016\/12\/IMG-20161204-WA0002-1024x760.jpg 1024w, https:\/\/www.revista-insaiguaviva.org\/curs2016-2017\/wp-content\/uploads\/2016\/12\/IMG-20161204-WA0002-300x223.jpg 300w, https:\/\/www.revista-insaiguaviva.org\/curs2016-2017\/wp-content\/uploads\/2016\/12\/IMG-20161204-WA0002-768x570.jpg 768w, https:\/\/www.revista-insaiguaviva.org\/curs2016-2017\/wp-content\/uploads\/2016\/12\/IMG-20161204-WA0002.jpg 1599w\" sizes=\"auto, (max-width: 474px) 100vw, 474px\" \/><\/a><\/p>\n<p><a href=\"https:\/\/revista-insaiguaviva.org\/curs2016-2017\/wp-content\/uploads\/2016\/12\/IMG-20161204-WA0001.jpg\"><img loading=\"lazy\" decoding=\"async\" class=\"aligncenter wp-image-60 size-large\" src=\"https:\/\/revista-insaiguaviva.org\/curs2016-2017\/wp-content\/uploads\/2016\/12\/IMG-20161204-WA0001-1024x760.jpg\" width=\"474\" height=\"352\" srcset=\"https:\/\/www.revista-insaiguaviva.org\/curs2016-2017\/wp-content\/uploads\/2016\/12\/IMG-20161204-WA0001-1024x760.jpg 1024w, https:\/\/www.revista-insaiguaviva.org\/curs2016-2017\/wp-content\/uploads\/2016\/12\/IMG-20161204-WA0001-300x223.jpg 300w, https:\/\/www.revista-insaiguaviva.org\/curs2016-2017\/wp-content\/uploads\/2016\/12\/IMG-20161204-WA0001-768x570.jpg 768w, https:\/\/www.revista-insaiguaviva.org\/curs2016-2017\/wp-content\/uploads\/2016\/12\/IMG-20161204-WA0001.jpg 1599w\" sizes=\"auto, (max-width: 474px) 100vw, 474px\" \/><\/a><\/p>\n<p>A m\u00e9s a m\u00e9s,\u00a0vam escriure el nostre propi manifest, a partir de les idees aportades per tot l&#8217;alumnat del centre, que es va llegir a l&#8217;hora de tutoria en totes les classes. Agra\u00efm la participaci\u00f3 de tothom en l&#8217;aportaci\u00f3 d&#8217;idees i als alumnes de 4t que s\u00f3n qui han redactat el manifest, en especial a la Mireia Diaz, la Catherin Galan, la Nuria Silanes i la Leire Arroyes.<\/p>\n<p>Aqui el teniu, esperem que us agradi.<\/p>\n<p style=\"text-align: center;\"><strong>MANIFEST DE L&#8217;INS AIGUAVIVA CONTRA\u00a0LA VIOL\u00c8NCIA\u00a0DE G\u00c8NERE<\/strong><\/p>\n<div style=\"text-align: center;\"><strong>&#8220;Com pot ser que avui en dia la viol\u00e8ncia de g\u00e8nere sigui una cosa normal a la nostra societat, que nosaltres la puguem percebre com una cosa normal? Per qu\u00e8 deixem que segueixi sent aix\u00ed? Per qu\u00e8 deixem passar tantes i tantes desigualtats, que dia rere dia estan presents a les nostres vides per molt que no ens en vulguem adonar? Per qu\u00e8 no alcem la veu i ens fem escoltar?<\/strong><\/div>\n<div style=\"text-align: center;\"><strong>\u00a0<\/strong><\/div>\n<div style=\"text-align: center;\"><strong>Des que naixem, la societat ens ensenya uns valors que nom\u00e9s beneficien a qui al llarg de la hist\u00f2ria i encara avui dia mana i deixem que mani sobre nosaltres, l&#8217;home. Una valors que obliguen\u00a0 la dona a tenir cura de no ser violades, a vestir-se de la manera que la societat imposa, a tornar a casa o sortir de festa amb por i sense sentir-nos\u00a0 lliures. Ara \u00e9s el moment d&#8217;al\u00e7ar la veu. No facis cas de la t\u00f2pica idea que &#8220;calladeta estas m\u00e9s guapa&#8221;. No morim: ens estan matant. I ens volem vives i amb vides dignes!&#8221;<\/strong><\/div>\n<p>&nbsp;<\/p>\n<p>&nbsp;<\/p>\n","protected":false},"excerpt":{"rendered":"<p>&nbsp; El 25 de novembre el nostre institut va assistir a la lectura del manifest del 25 de novembre, dia internacional contra la viol\u00e8ncia envers les dones, acte convocat per l&#8217;Ajuntament de Mollet. Us deixem unes fotos dels nostres representants a l&#8217;acte: A m\u00e9s a m\u00e9s,\u00a0vam escriure el nostre propi manifest, a partir de les &hellip; <a href=\"https:\/\/www.revista-insaiguaviva.org\/curs2016-2017\/2016\/12\/14\/manifest-ins-aiguaviva-contra-la-violencia-de-genere\/\" class=\"more-link\">Continua la lectura de <span class=\"screen-reader-text\">MANIFEST INS AIGUAVIVA CONTRA LA VIOL\u00c8NCIA DE G\u00c8NERE<\/span> <span class=\"meta-nav\">&rarr;<\/span><\/a><\/p>\n","protected":false},"author":2,"featured_media":0,"comment_status":"closed","ping_status":"closed","sticky":false,"template":"","format":"standard","meta":{"footnotes":""},"categories":[21,3],"tags":[],"class_list":["post-59","post","type-post","status-publish","format-standard","hentry","category-manifest-ins-aiguaviva-contra-la-violencia-de-genere","category-noticies"],"_links":{"self":[{"href":"https:\/\/www.revista-insaiguaviva.org\/curs2016-2017\/wp-json\/wp\/v2\/posts\/59","targetHints":{"allow":["GET"]}}],"collection":[{"href":"https:\/\/www.revista-insaiguaviva.org\/curs2016-2017\/wp-json\/wp\/v2\/posts"}],"about":[{"href":"https:\/\/www.revista-insaiguaviva.org\/curs2016-2017\/wp-json\/wp\/v2\/types\/post"}],"author":[{"embeddable":true,"href":"https:\/\/www.revista-insaiguaviva.org\/curs2016-2017\/wp-json\/wp\/v2\/users\/2"}],"replies":[{"embeddable":true,"href":"https:\/\/www.revista-insaiguaviva.org\/curs2016-2017\/wp-json\/wp\/v2\/comments?post=59"}],"version-history":[{"count":2,"href":"https:\/\/www.revista-insaiguaviva.org\/curs2016-2017\/wp-json\/wp\/v2\/posts\/59\/revisions"}],"predecessor-version":[{"id":64,"href":"https:\/\/www.revista-insaiguaviva.org\/curs2016-2017\/wp-json\/wp\/v2\/posts\/59\/revisions\/64"}],"wp:attachment":[{"href":"https:\/\/www.revista-insaiguaviva.org\/curs2016-2017\/wp-json\/wp\/v2\/media?parent=59"}],"wp:term":[{"taxonomy":"category","embeddable":true,"href":"https:\/\/www.revista-insaiguaviva.org\/curs2016-2017\/wp-json\/wp\/v2\/categories?post=59"},{"taxonomy":"post_tag","embeddable":true,"href":"https:\/\/www.revista-insaiguaviva.org\/curs2016-2017\/wp-json\/wp\/v2\/tags?post=59"}],"curies":[{"name":"wp","href":"https:\/\/api.w.org\/{rel}","templated":true}]}}