{"id":95,"date":"2017-02-15T23:21:16","date_gmt":"2017-02-15T21:21:16","guid":{"rendered":"https:\/\/revista-insaiguaviva.org\/curs2016-2017\/?p=95"},"modified":"2017-10-20T10:56:32","modified_gmt":"2017-10-20T08:56:32","slug":"pere-comellas-1892-1942","status":"publish","type":"post","link":"https:\/\/www.revista-insaiguaviva.org\/curs2016-2017\/2017\/02\/15\/pere-comellas-1892-1942\/","title":{"rendered":"Pere Comellas (1892-1942)"},"content":{"rendered":"<p>El passat 26 de gener l&#8217;Antonio Mateo, a la classe de t\u00e8cnica i cinema, ens va fer una xerrada sobre el seu avi, el PERE COMELLAS, un pioner del cinema de la Bisbal que va rodar pel\u00b7l\u00edcules als voltants dels anys vint.<\/p>\n<p>L&#8217;Antonio ens va mostrar moltes pel\u00b7l\u00edcules del seu avi, ens va explicar moltes an\u00e8cdotes i ens va mostrar una cinta de cel\u00b7luloide original.<\/p>\n<p><em>\u201cHa estat molt interessat i entretingut. Ens ha explicat com eren les seves pel\u00b7l\u00edcules i una mica la seva hist\u00f2ria. Ens ha ensenyat pel\u00b7l\u00edcules que havia gravat el Pere Comelles i estaven molt b\u00e9. Tamb\u00e9 hem pogut tocar una pel\u00b7l\u00edcula de cel\u00b7luloide.\u201d<\/em><\/p>\n<p>Brayan Toniolo<\/p>\n<p><em>\u201cHa esta una visita molt entretinguda i aprens m\u00e9s coses sobre cinema i sobre la vida d\u2019aquest senyor. Tamb\u00e9 el material utilitzat complementa l\u2019explicaci\u00f3 i es fa una visita molt amena.\u201d<\/em><\/p>\n<p>Pol Escud\u00e9 Dom\u00e8nech<\/p>\n<p><em>\u201cM\u2019ha semblat interessant la xerrada d\u2019Antonio sobre el seu avi. Dels v\u00eddeos que ens va ensenyar, el que m\u00e9s em va agradar va ser el de la fam\u00edlia. En general, em va agradar molt la xerrada.\u201d<\/em><\/p>\n<p>Mireia D\u00edaz<\/p>\n<p><em>\u201cLa xerrada m\u2019ha agradat perqu\u00e8 ens ha explicat el cinema que feia el seu avi, en qui s\u2019inspirava i el perqu\u00e8. Tamb\u00e9 ens ha explicar com feien el cine, com es gravava. Tamb\u00e9 em va agradar perqu\u00e8 va portar la cinta de rodatge.\u201d<\/em><\/p>\n<p>Pau Vela<\/p>\n<p><em>\u201cM\u2019ha agradat bastant l\u2019exposici\u00f3, ja que hem conegut un director de cine a trav\u00e9s del seu n\u00e9t. M\u2019han agradat molt les escenes de la vida familiar.\u201d<\/em><\/p>\n<p>Ramon Alinquer<\/p>\n<p>&nbsp;<\/p>\n<p><a href=\"http:\/\/www.elperiodico.cat\/ca\/noticias\/tele\/tv-3-recrea-fets-del-segle-traves-pellicules-familiars-5486553\" target=\"_blank\" rel=\"noopener\">TV-3 recrea fets del segle XX a trav\u00e9s de pel.l\u00edcules familiars<\/a><\/p>\n<div class=\"comp ep-noticia-detalle\">\n<h6 class=\"titulo\">&#8216;Material sensible&#8217; recull filmacions privades de cineastes en 13 cap\u00edtols<\/h6>\n<\/div>\n<div class=\"comp ep-toolbar\"><\/div>\n<p>Un dels cap\u00edtols d&#8217;aquesta s\u00e8rie de TV-3 est\u00e0 dedicat al Pere Comellas. En <a href=\"http:\/\/www.ccma.cat\/tv3\/alacarta\/material-sensible\/comellas\/video\/3082550\/\" target=\"_blank\" rel=\"noopener\">aquest enlla\u00e7<\/a> el podreu veure.<\/p>\n","protected":false},"excerpt":{"rendered":"<p>El passat 26 de gener l&#8217;Antonio Mateo, a la classe de t\u00e8cnica i cinema, ens va fer una xerrada sobre el seu avi, el PERE COMELLAS, un pioner del cinema de la Bisbal que va rodar pel\u00b7l\u00edcules als voltants dels anys vint. L&#8217;Antonio ens va mostrar moltes pel\u00b7l\u00edcules del seu avi, ens va explicar moltes &hellip; <a href=\"https:\/\/www.revista-insaiguaviva.org\/curs2016-2017\/2017\/02\/15\/pere-comellas-1892-1942\/\" class=\"more-link\">Continua la lectura de <span class=\"screen-reader-text\">Pere Comellas (1892-1942)<\/span> <span class=\"meta-nav\">&rarr;<\/span><\/a><\/p>\n","protected":false},"author":3,"featured_media":0,"comment_status":"closed","ping_status":"closed","sticky":false,"template":"","format":"standard","meta":{"footnotes":""},"categories":[28,12],"tags":[],"class_list":["post-95","post","type-post","status-publish","format-standard","hentry","category-pere-comellas","category-tecnica-i-cinema"],"_links":{"self":[{"href":"https:\/\/www.revista-insaiguaviva.org\/curs2016-2017\/wp-json\/wp\/v2\/posts\/95","targetHints":{"allow":["GET"]}}],"collection":[{"href":"https:\/\/www.revista-insaiguaviva.org\/curs2016-2017\/wp-json\/wp\/v2\/posts"}],"about":[{"href":"https:\/\/www.revista-insaiguaviva.org\/curs2016-2017\/wp-json\/wp\/v2\/types\/post"}],"author":[{"embeddable":true,"href":"https:\/\/www.revista-insaiguaviva.org\/curs2016-2017\/wp-json\/wp\/v2\/users\/3"}],"replies":[{"embeddable":true,"href":"https:\/\/www.revista-insaiguaviva.org\/curs2016-2017\/wp-json\/wp\/v2\/comments?post=95"}],"version-history":[{"count":8,"href":"https:\/\/www.revista-insaiguaviva.org\/curs2016-2017\/wp-json\/wp\/v2\/posts\/95\/revisions"}],"predecessor-version":[{"id":183,"href":"https:\/\/www.revista-insaiguaviva.org\/curs2016-2017\/wp-json\/wp\/v2\/posts\/95\/revisions\/183"}],"wp:attachment":[{"href":"https:\/\/www.revista-insaiguaviva.org\/curs2016-2017\/wp-json\/wp\/v2\/media?parent=95"}],"wp:term":[{"taxonomy":"category","embeddable":true,"href":"https:\/\/www.revista-insaiguaviva.org\/curs2016-2017\/wp-json\/wp\/v2\/categories?post=95"},{"taxonomy":"post_tag","embeddable":true,"href":"https:\/\/www.revista-insaiguaviva.org\/curs2016-2017\/wp-json\/wp\/v2\/tags?post=95"}],"curies":[{"name":"wp","href":"https:\/\/api.w.org\/{rel}","templated":true}]}}