{"id":44,"count":1,"description":"","link":"https:\/\/www.revista-insaiguaviva.org\/curs2017-2018\/category\/general\/noticies\/dia-contra-la-violencia-de-genere-a-mollet-del-valles\/","name":"Dia contra la viol\u00e8ncia de g\u00e8nere a Mollet del Vall\u00e8s","slug":"dia-contra-la-violencia-de-genere-a-mollet-del-valles","taxonomy":"category","parent":7,"meta":[],"_links":{"self":[{"href":"https:\/\/www.revista-insaiguaviva.org\/curs2017-2018\/wp-json\/wp\/v2\/categories\/44","targetHints":{"allow":["GET"]}}],"collection":[{"href":"https:\/\/www.revista-insaiguaviva.org\/curs2017-2018\/wp-json\/wp\/v2\/categories"}],"about":[{"href":"https:\/\/www.revista-insaiguaviva.org\/curs2017-2018\/wp-json\/wp\/v2\/taxonomies\/category"}],"up":[{"embeddable":true,"href":"https:\/\/www.revista-insaiguaviva.org\/curs2017-2018\/wp-json\/wp\/v2\/categories\/7"}],"wp:post_type":[{"href":"https:\/\/www.revista-insaiguaviva.org\/curs2017-2018\/wp-json\/wp\/v2\/posts?categories=44"}],"curies":[{"name":"wp","href":"https:\/\/api.w.org\/{rel}","templated":true}]}}