{"id":183,"date":"2017-11-19T19:21:53","date_gmt":"2017-11-19T17:21:53","guid":{"rendered":"https:\/\/revista-insaiguaviva.org\/curs2017-2018\/?p=183"},"modified":"2017-11-19T22:22:17","modified_gmt":"2017-11-19T20:22:17","slug":"1a-setmana-de-la-ciencia-xerrada-marato-2017","status":"publish","type":"post","link":"https:\/\/www.revista-insaiguaviva.org\/curs2017-2018\/2017\/11\/19\/1a-setmana-de-la-ciencia-xerrada-marato-2017\/","title":{"rendered":"1a. Setmana de la Ci\u00e8ncia &#8211; Xerrada Marat\u00f3 2017"},"content":{"rendered":"<p>El passat dijous, 16 de novembre, dins de la 1a. Setmana de la Ci\u00e8ncia del nostre centre, la Marga Nieto, ens va fer una xerrada sobre les malalties infeccioses, sobre les que tractar\u00e0 la Marat\u00f3 de TV3 d&#8217;enguany.<\/p>\n<p>Van assistir-hi els alumnes de 4t d&#8217;ESO a la primera sessi\u00f3 i els alumnes de 3r d&#8217;ESO a la segona.<\/p>\n<p style=\"text-align: center;\"><a href=\"https:\/\/revista-insaiguaviva.org\/curs2017-2018\/wp-content\/uploads\/2017\/11\/20171116_125331.jpg\"><img loading=\"lazy\" decoding=\"async\" class=\"alignnone size-medium wp-image-185\" src=\"https:\/\/revista-insaiguaviva.org\/curs2017-2018\/wp-content\/uploads\/2017\/11\/20171116_125331-300x225.jpg\" alt=\"\" width=\"300\" height=\"225\" srcset=\"https:\/\/www.revista-insaiguaviva.org\/curs2017-2018\/wp-content\/uploads\/2017\/11\/20171116_125331-300x225.jpg 300w, https:\/\/www.revista-insaiguaviva.org\/curs2017-2018\/wp-content\/uploads\/2017\/11\/20171116_125331-768x576.jpg 768w, https:\/\/www.revista-insaiguaviva.org\/curs2017-2018\/wp-content\/uploads\/2017\/11\/20171116_125331-1024x768.jpg 1024w\" sizes=\"auto, (max-width: 300px) 100vw, 300px\" \/><\/a><\/p>\n<p>Podeu veure algunes fotografies de la xerrada clicant <a href=\"https:\/\/photos.app.goo.gl\/xWUEnYPLzLOCkVYs1\" target=\"_blank\" rel=\"noopener\">aqu\u00ed.\u00a0<\/a><\/p>\n","protected":false},"excerpt":{"rendered":"<p>El passat dijous, 16 de novembre, dins de la 1a. Setmana de la Ci\u00e8ncia del nostre centre, la Marga Nieto, ens va fer una xerrada sobre les malalties infeccioses, sobre les que tractar\u00e0 la Marat\u00f3 de TV3 d&#8217;enguany. Van assistir-hi els alumnes de 4t d&#8217;ESO a la primera sessi\u00f3 i els alumnes de 3r d&#8217;ESO &hellip; <\/p>\n<p class=\"link-more\"><a href=\"https:\/\/www.revista-insaiguaviva.org\/curs2017-2018\/2017\/11\/19\/1a-setmana-de-la-ciencia-xerrada-marato-2017\/\" class=\"more-link\">Continua llegint <span class=\"screen-reader-text\">\u00ab1a. Setmana de la Ci\u00e8ncia &#8211; Xerrada Marat\u00f3 2017\u00bb<\/span><\/a><\/p>\n","protected":false},"author":2,"featured_media":0,"comment_status":"open","ping_status":"open","sticky":false,"template":"","format":"standard","meta":{"footnotes":""},"categories":[41],"tags":[],"class_list":["post-183","post","type-post","status-publish","format-standard","hentry","category-xerrada-marato-2017"],"_links":{"self":[{"href":"https:\/\/www.revista-insaiguaviva.org\/curs2017-2018\/wp-json\/wp\/v2\/posts\/183","targetHints":{"allow":["GET"]}}],"collection":[{"href":"https:\/\/www.revista-insaiguaviva.org\/curs2017-2018\/wp-json\/wp\/v2\/posts"}],"about":[{"href":"https:\/\/www.revista-insaiguaviva.org\/curs2017-2018\/wp-json\/wp\/v2\/types\/post"}],"author":[{"embeddable":true,"href":"https:\/\/www.revista-insaiguaviva.org\/curs2017-2018\/wp-json\/wp\/v2\/users\/2"}],"replies":[{"embeddable":true,"href":"https:\/\/www.revista-insaiguaviva.org\/curs2017-2018\/wp-json\/wp\/v2\/comments?post=183"}],"version-history":[{"count":4,"href":"https:\/\/www.revista-insaiguaviva.org\/curs2017-2018\/wp-json\/wp\/v2\/posts\/183\/revisions"}],"predecessor-version":[{"id":188,"href":"https:\/\/www.revista-insaiguaviva.org\/curs2017-2018\/wp-json\/wp\/v2\/posts\/183\/revisions\/188"}],"wp:attachment":[{"href":"https:\/\/www.revista-insaiguaviva.org\/curs2017-2018\/wp-json\/wp\/v2\/media?parent=183"}],"wp:term":[{"taxonomy":"category","embeddable":true,"href":"https:\/\/www.revista-insaiguaviva.org\/curs2017-2018\/wp-json\/wp\/v2\/categories?post=183"},{"taxonomy":"post_tag","embeddable":true,"href":"https:\/\/www.revista-insaiguaviva.org\/curs2017-2018\/wp-json\/wp\/v2\/tags?post=183"}],"curies":[{"name":"wp","href":"https:\/\/api.w.org\/{rel}","templated":true}]}}