{"id":198,"date":"2017-11-24T23:53:44","date_gmt":"2017-11-24T21:53:44","guid":{"rendered":"https:\/\/revista-insaiguaviva.org\/curs2017-2018\/?p=198"},"modified":"2017-11-25T00:02:05","modified_gmt":"2017-11-24T22:02:05","slug":"25-de-novembre-dia-contra-la-violencia-de-genere","status":"publish","type":"post","link":"https:\/\/www.revista-insaiguaviva.org\/curs2017-2018\/2017\/11\/24\/25-de-novembre-dia-contra-la-violencia-de-genere\/","title":{"rendered":"25 de novembre &#8211; Dia contra la viol\u00e8ncia de g\u00e8nere"},"content":{"rendered":"<p>El dia 25 de novembre \u00e9s el <strong><em>Dia mundial contra la viol\u00e8ncia de g\u00e8nere.<\/em><\/strong>\u00a0Amb aquest motiu s&#8217;ha realitzat un acte a l&#8217;Ajuntament de Mollet amb l&#8217;assist\u00e8ncia d&#8217;alumnes dels vuit centres de secund\u00e0ria de Mollet. Durant aquest acte els estudiants han llegit el manifest institucional per a l&#8217;eliminaci\u00f3 de la viol\u00e8ncia contra les dones.<\/p>\n<p>Podeu veure algunes fotografies de l&#8217;acte clicant <a href=\"https:\/\/photos.app.goo.gl\/rWu6tR7PD3uEtf0v2\" target=\"_blank\" rel=\"noopener\">aqu\u00ed.<\/a><\/p>\n","protected":false},"excerpt":{"rendered":"<p>El dia 25 de novembre \u00e9s el Dia mundial contra la viol\u00e8ncia de g\u00e8nere.\u00a0Amb aquest motiu s&#8217;ha realitzat un acte a l&#8217;Ajuntament de Mollet amb l&#8217;assist\u00e8ncia d&#8217;alumnes dels vuit centres de secund\u00e0ria de Mollet. Durant aquest acte els estudiants han llegit el manifest institucional per a l&#8217;eliminaci\u00f3 de la viol\u00e8ncia contra les dones. Podeu veure &hellip; <\/p>\n<p class=\"link-more\"><a href=\"https:\/\/www.revista-insaiguaviva.org\/curs2017-2018\/2017\/11\/24\/25-de-novembre-dia-contra-la-violencia-de-genere\/\" class=\"more-link\">Continua llegint <span class=\"screen-reader-text\">\u00ab25 de novembre &#8211; Dia contra la viol\u00e8ncia de g\u00e8nere\u00bb<\/span><\/a><\/p>\n","protected":false},"author":2,"featured_media":0,"comment_status":"open","ping_status":"open","sticky":false,"template":"","format":"standard","meta":{"footnotes":""},"categories":[44],"tags":[],"class_list":["post-198","post","type-post","status-publish","format-standard","hentry","category-dia-contra-la-violencia-de-genere-a-mollet-del-valles"],"_links":{"self":[{"href":"https:\/\/www.revista-insaiguaviva.org\/curs2017-2018\/wp-json\/wp\/v2\/posts\/198","targetHints":{"allow":["GET"]}}],"collection":[{"href":"https:\/\/www.revista-insaiguaviva.org\/curs2017-2018\/wp-json\/wp\/v2\/posts"}],"about":[{"href":"https:\/\/www.revista-insaiguaviva.org\/curs2017-2018\/wp-json\/wp\/v2\/types\/post"}],"author":[{"embeddable":true,"href":"https:\/\/www.revista-insaiguaviva.org\/curs2017-2018\/wp-json\/wp\/v2\/users\/2"}],"replies":[{"embeddable":true,"href":"https:\/\/www.revista-insaiguaviva.org\/curs2017-2018\/wp-json\/wp\/v2\/comments?post=198"}],"version-history":[{"count":5,"href":"https:\/\/www.revista-insaiguaviva.org\/curs2017-2018\/wp-json\/wp\/v2\/posts\/198\/revisions"}],"predecessor-version":[{"id":203,"href":"https:\/\/www.revista-insaiguaviva.org\/curs2017-2018\/wp-json\/wp\/v2\/posts\/198\/revisions\/203"}],"wp:attachment":[{"href":"https:\/\/www.revista-insaiguaviva.org\/curs2017-2018\/wp-json\/wp\/v2\/media?parent=198"}],"wp:term":[{"taxonomy":"category","embeddable":true,"href":"https:\/\/www.revista-insaiguaviva.org\/curs2017-2018\/wp-json\/wp\/v2\/categories?post=198"},{"taxonomy":"post_tag","embeddable":true,"href":"https:\/\/www.revista-insaiguaviva.org\/curs2017-2018\/wp-json\/wp\/v2\/tags?post=198"}],"curies":[{"name":"wp","href":"https:\/\/api.w.org\/{rel}","templated":true}]}}