{"id":256,"date":"2017-12-04T00:07:54","date_gmt":"2017-12-03T22:07:54","guid":{"rendered":"https:\/\/revista-insaiguaviva.org\/curs2017-2018\/?p=256"},"modified":"2017-12-04T00:11:46","modified_gmt":"2017-12-03T22:11:46","slug":"escorces-dels-arbres","status":"publish","type":"post","link":"https:\/\/www.revista-insaiguaviva.org\/curs2017-2018\/2017\/12\/04\/escorces-dels-arbres\/","title":{"rendered":"Escorces dels arbres"},"content":{"rendered":"<p><strong>Treball creatiu a partir dels arbres del jard\u00ed del Calder\u00f3.<\/strong><\/p>\n<p>Dintre de les activitats que duem a terme relacionades amb el Projecte Hort i Jard\u00ed que hem engegat enguany, v\u00e0rem plantejar fa uns quants dies un procediment per a extraure patrons de disseny art\u00edstic a partir de les escorces dels arbres del jard\u00ed. Per a comen\u00e7ar v\u00e0rem fer un frottage sobre l\u2019escor\u00e7a dels arbres (pollancres i s\u00f2fores) amb paper d\u2019arr\u00f3s (un material molt sensible) i uns pastels a l\u2019oli de color (un material tou i greix\u00f3s).<\/p>\n<p>La t\u00e8cnica del frottage va ser inventada per l\u2019artista Max Ernst durant el primer quart del s. XX (ja no entrarem en l\u2019enorme valor de l\u2019experimentaci\u00f3 en aquell moment de la H\u00aa de l\u2019art\u2026)<\/p>\n<p>Amb aquesta operaci\u00f3 descobrim que les formes naturals no s\u00f3n pas an\u00e0rquiques o ca\u00f2tiques sin\u00f3 que ben al contrari, mostren sempre un ordre i una estructura molt significatius, tot i que sovint ho mostren de manera subtil. Les formes naturals segueixen arreu un principi fonamental: es repeteixen sempre per\u00f2 mai s\u00f3n del tot iguals. Amb els \u201cdibuixos\u201d que ens han facilitat les escorces a trav\u00e9s del frottage (t\u00e8cnica que ens descobreix ben clar que el llenguatge del \u201cdibuix\u201d \u00e9s basa sobretot en \u201cguixar\u201d) comencem un treball pict\u00f2ric en grup.<\/p>\n<p>Fem servir pintures t\u00e8mpera. L\u2019exercici tracta de \u201crespondre&#8221; i jugar amb les formes que ja tenim dibuixades, incorporant la nostra pr\u00f2pia sensibilitat, el nostre propi tra\u00e7, seguint els ordres de la natura o interferint-hi com cadasc\u00fa ho cregui millor. El resultat d\u2019aquest treball vol sobretot posar de manifest la possibilitat d\u2019aprendre directament de la natura, de poder-hi respondre amb reflexi\u00f3 i de plantejar-nos la diversitat d\u2019aquestes possibles respostes, cosa que en algun moment hauria de portar-nos a reflexionar sobre el propi concepte de la (nostra) relaci\u00f3 amb el qu\u00e8 ens envolta i els l\u00edmits de la (nostra) llibertat.<\/p>\n<p style=\"text-align: center;\"><a href=\"https:\/\/revista-insaiguaviva.org\/curs2017-2018\/wp-content\/uploads\/2017\/12\/20171130_090724.jpg\"><img loading=\"lazy\" decoding=\"async\" class=\"alignnone size-medium wp-image-257\" src=\"https:\/\/revista-insaiguaviva.org\/curs2017-2018\/wp-content\/uploads\/2017\/12\/20171130_090724-300x225.jpg\" alt=\"\" width=\"300\" height=\"225\" srcset=\"https:\/\/www.revista-insaiguaviva.org\/curs2017-2018\/wp-content\/uploads\/2017\/12\/20171130_090724-300x225.jpg 300w, https:\/\/www.revista-insaiguaviva.org\/curs2017-2018\/wp-content\/uploads\/2017\/12\/20171130_090724-768x576.jpg 768w, https:\/\/www.revista-insaiguaviva.org\/curs2017-2018\/wp-content\/uploads\/2017\/12\/20171130_090724-1024x768.jpg 1024w\" sizes=\"auto, (max-width: 300px) 100vw, 300px\" \/><\/a><\/p>\n<p><a href=\"https:\/\/revista-insaiguaviva.org\/curs2017-2018\/wp-content\/uploads\/2017\/12\/20171130_090732.jpg\"><img loading=\"lazy\" decoding=\"async\" class=\"size-medium wp-image-258 aligncenter\" src=\"https:\/\/revista-insaiguaviva.org\/curs2017-2018\/wp-content\/uploads\/2017\/12\/20171130_090732-300x225.jpg\" alt=\"\" width=\"300\" height=\"225\" srcset=\"https:\/\/www.revista-insaiguaviva.org\/curs2017-2018\/wp-content\/uploads\/2017\/12\/20171130_090732-300x225.jpg 300w, https:\/\/www.revista-insaiguaviva.org\/curs2017-2018\/wp-content\/uploads\/2017\/12\/20171130_090732-768x576.jpg 768w, https:\/\/www.revista-insaiguaviva.org\/curs2017-2018\/wp-content\/uploads\/2017\/12\/20171130_090732-1024x768.jpg 1024w\" sizes=\"auto, (max-width: 300px) 100vw, 300px\" \/><\/a><\/p>\n<p style=\"text-align: center;\"><a href=\"https:\/\/revista-insaiguaviva.org\/curs2017-2018\/wp-content\/uploads\/2017\/12\/20171130_090739.jpg\"><img loading=\"lazy\" decoding=\"async\" class=\"alignnone size-medium wp-image-259\" src=\"https:\/\/revista-insaiguaviva.org\/curs2017-2018\/wp-content\/uploads\/2017\/12\/20171130_090739-300x225.jpg\" alt=\"\" width=\"300\" height=\"225\" srcset=\"https:\/\/www.revista-insaiguaviva.org\/curs2017-2018\/wp-content\/uploads\/2017\/12\/20171130_090739-300x225.jpg 300w, https:\/\/www.revista-insaiguaviva.org\/curs2017-2018\/wp-content\/uploads\/2017\/12\/20171130_090739-768x576.jpg 768w, https:\/\/www.revista-insaiguaviva.org\/curs2017-2018\/wp-content\/uploads\/2017\/12\/20171130_090739-1024x768.jpg 1024w\" sizes=\"auto, (max-width: 300px) 100vw, 300px\" \/><\/a><\/p>\n<p style=\"text-align: center;\"><a href=\"https:\/\/revista-insaiguaviva.org\/curs2017-2018\/wp-content\/uploads\/2017\/12\/20171130_090749.jpg\"><img loading=\"lazy\" decoding=\"async\" class=\"alignnone size-medium wp-image-260\" src=\"https:\/\/revista-insaiguaviva.org\/curs2017-2018\/wp-content\/uploads\/2017\/12\/20171130_090749-300x225.jpg\" alt=\"\" width=\"300\" height=\"225\" srcset=\"https:\/\/www.revista-insaiguaviva.org\/curs2017-2018\/wp-content\/uploads\/2017\/12\/20171130_090749-300x225.jpg 300w, https:\/\/www.revista-insaiguaviva.org\/curs2017-2018\/wp-content\/uploads\/2017\/12\/20171130_090749-768x576.jpg 768w, https:\/\/www.revista-insaiguaviva.org\/curs2017-2018\/wp-content\/uploads\/2017\/12\/20171130_090749-1024x768.jpg 1024w\" sizes=\"auto, (max-width: 300px) 100vw, 300px\" \/><\/a><\/p>\n<p style=\"text-align: center;\">\n<p>Podeu veure algunes fotografies m\u00e9s, clicant <a href=\"https:\/\/photos.app.goo.gl\/t30F2EtdIut7hvdO2\" target=\"_blank\" rel=\"noopener\">aqu\u00ed.\u00a0<\/a><\/p>\n","protected":false},"excerpt":{"rendered":"<p>Treball creatiu a partir dels arbres del jard\u00ed del Calder\u00f3. Dintre de les activitats que duem a terme relacionades amb el Projecte Hort i Jard\u00ed que hem engegat enguany, v\u00e0rem plantejar fa uns quants dies un procediment per a extraure patrons de disseny art\u00edstic a partir de les escorces dels arbres del jard\u00ed. Per a &hellip; <\/p>\n<p class=\"link-more\"><a href=\"https:\/\/www.revista-insaiguaviva.org\/curs2017-2018\/2017\/12\/04\/escorces-dels-arbres\/\" class=\"more-link\">Continua llegint <span class=\"screen-reader-text\">\u00abEscorces dels arbres\u00bb<\/span><\/a><\/p>\n","protected":false},"author":2,"featured_media":0,"comment_status":"open","ping_status":"open","sticky":false,"template":"","format":"standard","meta":{"footnotes":""},"categories":[52,51],"tags":[],"class_list":["post-256","post","type-post","status-publish","format-standard","hentry","category-escorces-dels-arbres","category-hort-i-jardineria"],"_links":{"self":[{"href":"https:\/\/www.revista-insaiguaviva.org\/curs2017-2018\/wp-json\/wp\/v2\/posts\/256","targetHints":{"allow":["GET"]}}],"collection":[{"href":"https:\/\/www.revista-insaiguaviva.org\/curs2017-2018\/wp-json\/wp\/v2\/posts"}],"about":[{"href":"https:\/\/www.revista-insaiguaviva.org\/curs2017-2018\/wp-json\/wp\/v2\/types\/post"}],"author":[{"embeddable":true,"href":"https:\/\/www.revista-insaiguaviva.org\/curs2017-2018\/wp-json\/wp\/v2\/users\/2"}],"replies":[{"embeddable":true,"href":"https:\/\/www.revista-insaiguaviva.org\/curs2017-2018\/wp-json\/wp\/v2\/comments?post=256"}],"version-history":[{"count":4,"href":"https:\/\/www.revista-insaiguaviva.org\/curs2017-2018\/wp-json\/wp\/v2\/posts\/256\/revisions"}],"predecessor-version":[{"id":264,"href":"https:\/\/www.revista-insaiguaviva.org\/curs2017-2018\/wp-json\/wp\/v2\/posts\/256\/revisions\/264"}],"wp:attachment":[{"href":"https:\/\/www.revista-insaiguaviva.org\/curs2017-2018\/wp-json\/wp\/v2\/media?parent=256"}],"wp:term":[{"taxonomy":"category","embeddable":true,"href":"https:\/\/www.revista-insaiguaviva.org\/curs2017-2018\/wp-json\/wp\/v2\/categories?post=256"},{"taxonomy":"post_tag","embeddable":true,"href":"https:\/\/www.revista-insaiguaviva.org\/curs2017-2018\/wp-json\/wp\/v2\/tags?post=256"}],"curies":[{"name":"wp","href":"https:\/\/api.w.org\/{rel}","templated":true}]}}