{"id":282,"date":"2017-12-16T19:59:54","date_gmt":"2017-12-16T17:59:54","guid":{"rendered":"https:\/\/www.revista-insaiguaviva.org\/curs2017-2018\/?p=282"},"modified":"2017-12-17T23:40:00","modified_gmt":"2017-12-17T21:40:00","slug":"exposicio-i-xerrada-de-lescultor-martorellenc-ricard-mira","status":"publish","type":"post","link":"https:\/\/www.revista-insaiguaviva.org\/curs2017-2018\/2017\/12\/16\/exposicio-i-xerrada-de-lescultor-martorellenc-ricard-mira\/","title":{"rendered":"Exposici\u00f3 i xerrada de l&#8217;escultor martorellenc Ricard Mira"},"content":{"rendered":"<p>Avui, 15 de desembre, ens ha visitat l\u00b4escultor martorellenc\u00a0<strong>Ricard Mira<\/strong>\u00a0\u00a0que ens ha parlat de la seva obra i del seu treball. Els alumnes d&#8217;Hist\u00f2ria de l&#8217;Art de 2n de batxillerat han gaudit de les seves explicacions sobre les diferents t\u00e8cniques del treball escult\u00f2ric i del treball de trencad\u00eds.<\/p>\n<p>Aprofitant la seva visita els alumnes han preguntat sobre la influ\u00e8ncia de l&#8217;escultura de Pablo Gargallo o Chillida a la seva obra.<\/p>\n<p>Ricard tamb\u00e9 els ha parlat sobre la feina de l\u00b4escultor mostrant imatges del seu taller i de les seves obres.<\/p>\n<p><a href=\"https:\/\/photos.app.goo.gl\/SAx0nGJGvb7Ltcab2\" target=\"_blank\" rel=\"noopener\"><strong>Podeu veure les fotografies del taller del Ricard clicant aqu\u00ed.\u00a0<\/strong><\/a><\/p>\n<p>Avui\u00a0 l\u00b4aula de 2n de batxillerat ha estat una petita, per\u00f2 brillant,\u00a0 exposici\u00f3 amb algunes obres de Mira: escultures en ferro, mosaic de trencad\u00eds, dibuixos o postals.<\/p>\n<p><img loading=\"lazy\" decoding=\"async\" class=\"size-medium wp-image-284 alignleft\" src=\"https:\/\/www.revista-insaiguaviva.org\/curs2017-2018\/wp-content\/uploads\/2017\/12\/IMG_20171214_102250_417-225x300.jpg\" alt=\"\" width=\"225\" height=\"300\" srcset=\"https:\/\/www.revista-insaiguaviva.org\/curs2017-2018\/wp-content\/uploads\/2017\/12\/IMG_20171214_102250_417-225x300.jpg 225w, https:\/\/www.revista-insaiguaviva.org\/curs2017-2018\/wp-content\/uploads\/2017\/12\/IMG_20171214_102250_417-768x1024.jpg 768w\" sizes=\"auto, (max-width: 225px) 100vw, 225px\" \/><\/p>\n<p><img loading=\"lazy\" decoding=\"async\" class=\"alignnone size-medium wp-image-293\" src=\"https:\/\/www.revista-insaiguaviva.org\/curs2017-2018\/wp-content\/uploads\/2017\/12\/IMG-20171214-WA0068-225x300.jpg\" alt=\"\" width=\"225\" height=\"300\" srcset=\"https:\/\/www.revista-insaiguaviva.org\/curs2017-2018\/wp-content\/uploads\/2017\/12\/IMG-20171214-WA0068-225x300.jpg 225w, https:\/\/www.revista-insaiguaviva.org\/curs2017-2018\/wp-content\/uploads\/2017\/12\/IMG-20171214-WA0068-768x1024.jpg 768w, https:\/\/www.revista-insaiguaviva.org\/curs2017-2018\/wp-content\/uploads\/2017\/12\/IMG-20171214-WA0068.jpg 1200w\" sizes=\"auto, (max-width: 225px) 100vw, 225px\" \/><\/p>\n<p><img loading=\"lazy\" decoding=\"async\" class=\"size-medium wp-image-285 alignleft\" src=\"https:\/\/www.revista-insaiguaviva.org\/curs2017-2018\/wp-content\/uploads\/2017\/12\/IMG_20171214_102308_143-225x300.jpg\" alt=\"\" width=\"225\" height=\"300\" srcset=\"https:\/\/www.revista-insaiguaviva.org\/curs2017-2018\/wp-content\/uploads\/2017\/12\/IMG_20171214_102308_143-225x300.jpg 225w, https:\/\/www.revista-insaiguaviva.org\/curs2017-2018\/wp-content\/uploads\/2017\/12\/IMG_20171214_102308_143-768x1024.jpg 768w\" sizes=\"auto, (max-width: 225px) 100vw, 225px\" \/><\/p>\n<p><img loading=\"lazy\" decoding=\"async\" class=\"alignnone size-medium wp-image-283\" src=\"https:\/\/www.revista-insaiguaviva.org\/curs2017-2018\/wp-content\/uploads\/2017\/12\/IMG-20171214-WA0071-225x300.jpg\" alt=\"\" width=\"225\" height=\"300\" srcset=\"https:\/\/www.revista-insaiguaviva.org\/curs2017-2018\/wp-content\/uploads\/2017\/12\/IMG-20171214-WA0071-225x300.jpg 225w, https:\/\/www.revista-insaiguaviva.org\/curs2017-2018\/wp-content\/uploads\/2017\/12\/IMG-20171214-WA0071-768x1024.jpg 768w, https:\/\/www.revista-insaiguaviva.org\/curs2017-2018\/wp-content\/uploads\/2017\/12\/IMG-20171214-WA0071.jpg 1200w\" sizes=\"auto, (max-width: 225px) 100vw, 225px\" \/><\/p>\n<p>&nbsp;<\/p>\n<p>&nbsp;<\/p>\n<p>&nbsp;<\/p>\n<p>&nbsp;<\/p>\n<p><a style=\"font-size: 1rem;\" href=\"https:\/\/photos.app.goo.gl\/NrQMzuUwty9TFht62\" target=\"_blank\" rel=\"noopener\"><strong>Podeu veure algunes fotografies de la sessi\u00f3 d\u00b4avui clicant aqu\u00ed.<\/strong><\/a><\/p>\n<p>A continuaci\u00f3 us adjuntem la p\u00e0ginag web del Ricard Mira perqu\u00e8 conegueu la seva obra\u00a0 i\u00a0 tamb\u00e9\u00a0 la de Pepi Montesinos, la seva dona, artista &#8211; ceramista:<\/p>\n<p>http:\/\/ricardmira.eu\/index.ca.html<\/p>\n","protected":false},"excerpt":{"rendered":"<p>Avui, 15 de desembre, ens ha visitat l\u00b4escultor martorellenc\u00a0Ricard Mira\u00a0\u00a0que ens ha parlat de la seva obra i del seu treball. Els alumnes d&#8217;Hist\u00f2ria de l&#8217;Art de 2n de batxillerat han gaudit de les seves explicacions sobre les diferents t\u00e8cniques del treball escult\u00f2ric i del treball de trencad\u00eds. Aprofitant la seva visita els alumnes han &hellip; <\/p>\n<p class=\"link-more\"><a href=\"https:\/\/www.revista-insaiguaviva.org\/curs2017-2018\/2017\/12\/16\/exposicio-i-xerrada-de-lescultor-martorellenc-ricard-mira\/\" class=\"more-link\">Continua llegint <span class=\"screen-reader-text\">\u00abExposici\u00f3 i xerrada de l&#8217;escultor martorellenc Ricard Mira\u00bb<\/span><\/a><\/p>\n","protected":false},"author":2,"featured_media":0,"comment_status":"open","ping_status":"open","sticky":false,"template":"","format":"standard","meta":{"footnotes":""},"categories":[53],"tags":[],"class_list":["post-282","post","type-post","status-publish","format-standard","hentry","category-exposicio-i-xerrada-de-lescultor-martorellenc-ricard-mira"],"_links":{"self":[{"href":"https:\/\/www.revista-insaiguaviva.org\/curs2017-2018\/wp-json\/wp\/v2\/posts\/282","targetHints":{"allow":["GET"]}}],"collection":[{"href":"https:\/\/www.revista-insaiguaviva.org\/curs2017-2018\/wp-json\/wp\/v2\/posts"}],"about":[{"href":"https:\/\/www.revista-insaiguaviva.org\/curs2017-2018\/wp-json\/wp\/v2\/types\/post"}],"author":[{"embeddable":true,"href":"https:\/\/www.revista-insaiguaviva.org\/curs2017-2018\/wp-json\/wp\/v2\/users\/2"}],"replies":[{"embeddable":true,"href":"https:\/\/www.revista-insaiguaviva.org\/curs2017-2018\/wp-json\/wp\/v2\/comments?post=282"}],"version-history":[{"count":9,"href":"https:\/\/www.revista-insaiguaviva.org\/curs2017-2018\/wp-json\/wp\/v2\/posts\/282\/revisions"}],"predecessor-version":[{"id":304,"href":"https:\/\/www.revista-insaiguaviva.org\/curs2017-2018\/wp-json\/wp\/v2\/posts\/282\/revisions\/304"}],"wp:attachment":[{"href":"https:\/\/www.revista-insaiguaviva.org\/curs2017-2018\/wp-json\/wp\/v2\/media?parent=282"}],"wp:term":[{"taxonomy":"category","embeddable":true,"href":"https:\/\/www.revista-insaiguaviva.org\/curs2017-2018\/wp-json\/wp\/v2\/categories?post=282"},{"taxonomy":"post_tag","embeddable":true,"href":"https:\/\/www.revista-insaiguaviva.org\/curs2017-2018\/wp-json\/wp\/v2\/tags?post=282"}],"curies":[{"name":"wp","href":"https:\/\/api.w.org\/{rel}","templated":true}]}}