{"id":315,"date":"2018-01-09T21:37:07","date_gmt":"2018-01-09T19:37:07","guid":{"rendered":"https:\/\/www.revista-insaiguaviva.org\/curs2017-2018\/?p=315"},"modified":"2018-01-11T19:37:06","modified_gmt":"2018-01-11T17:37:06","slug":"tallers-nadal-2017","status":"publish","type":"post","link":"https:\/\/www.revista-insaiguaviva.org\/curs2017-2018\/2018\/01\/09\/tallers-nadal-2017\/","title":{"rendered":"Tallers Nadal 2017"},"content":{"rendered":"<p>El passat dia 22 de desembre, abans d&#8217;unes merescudes vacances de Nadal, els alumnes de l&#8217;ESO van realitzar diferents tallers i activitats. Clicant <a href=\"https:\/\/photos.app.goo.gl\/RbpfgDGDX13SCtxk2\" target=\"_blank\" rel=\"noopener\">aqu\u00ed<\/a> podreu veure unes poques fotografies que vam fer.<\/p>\n<p style=\"text-align: left;\"><a href=\"https:\/\/photos.app.goo.gl\/FGkokZYf7ZU3tAVt2\" target=\"_blank\" rel=\"noopener\">Aquest \u00e9s el v\u00eddeo del taller de m\u00fasica<\/a>:<\/p>\n<p style=\"text-align: center;\"><iframe loading=\"lazy\" width=\"560\" height=\"315\" src=\"https:\/\/www.youtube.com\/embed\/MV-sJ94nxmI\" frameborder=\"0\" allow=\"autoplay; encrypted-media\" allowfullscreen><\/iframe>\/p><\/p>\n","protected":false},"excerpt":{"rendered":"<p>El passat dia 22 de desembre, abans d&#8217;unes merescudes vacances de Nadal, els alumnes de l&#8217;ESO van realitzar diferents tallers i activitats. Clicant aqu\u00ed podreu veure unes poques fotografies que vam fer. Aquest \u00e9s el v\u00eddeo del taller de m\u00fasica: \/p><\/p>\n","protected":false},"author":2,"featured_media":0,"comment_status":"open","ping_status":"open","sticky":false,"template":"","format":"standard","meta":{"footnotes":""},"categories":[26,56],"tags":[],"class_list":["post-315","post","type-post","status-publish","format-standard","hentry","category-celebracions","category-tallers-nadal-2017"],"_links":{"self":[{"href":"https:\/\/www.revista-insaiguaviva.org\/curs2017-2018\/wp-json\/wp\/v2\/posts\/315","targetHints":{"allow":["GET"]}}],"collection":[{"href":"https:\/\/www.revista-insaiguaviva.org\/curs2017-2018\/wp-json\/wp\/v2\/posts"}],"about":[{"href":"https:\/\/www.revista-insaiguaviva.org\/curs2017-2018\/wp-json\/wp\/v2\/types\/post"}],"author":[{"embeddable":true,"href":"https:\/\/www.revista-insaiguaviva.org\/curs2017-2018\/wp-json\/wp\/v2\/users\/2"}],"replies":[{"embeddable":true,"href":"https:\/\/www.revista-insaiguaviva.org\/curs2017-2018\/wp-json\/wp\/v2\/comments?post=315"}],"version-history":[{"count":7,"href":"https:\/\/www.revista-insaiguaviva.org\/curs2017-2018\/wp-json\/wp\/v2\/posts\/315\/revisions"}],"predecessor-version":[{"id":323,"href":"https:\/\/www.revista-insaiguaviva.org\/curs2017-2018\/wp-json\/wp\/v2\/posts\/315\/revisions\/323"}],"wp:attachment":[{"href":"https:\/\/www.revista-insaiguaviva.org\/curs2017-2018\/wp-json\/wp\/v2\/media?parent=315"}],"wp:term":[{"taxonomy":"category","embeddable":true,"href":"https:\/\/www.revista-insaiguaviva.org\/curs2017-2018\/wp-json\/wp\/v2\/categories?post=315"},{"taxonomy":"post_tag","embeddable":true,"href":"https:\/\/www.revista-insaiguaviva.org\/curs2017-2018\/wp-json\/wp\/v2\/tags?post=315"}],"curies":[{"name":"wp","href":"https:\/\/api.w.org\/{rel}","templated":true}]}}