{"id":409,"date":"2018-02-02T10:17:08","date_gmt":"2018-02-02T08:17:08","guid":{"rendered":"https:\/\/www.revista-insaiguaviva.org\/curs2017-2018\/?p=409"},"modified":"2018-02-04T11:01:31","modified_gmt":"2018-02-04T09:01:31","slug":"mayores","status":"publish","type":"post","link":"https:\/\/www.revista-insaiguaviva.org\/curs2017-2018\/2018\/02\/02\/mayores\/","title":{"rendered":"DICTADOR"},"content":{"rendered":"<h1 style=\"text-align: center;\">\u00a0 \u00a0 \u00a0 \u00a0 \u00a0 \u00a0 \u00a0<b><\/b><span style=\"font-weight: 400;\">The dictator<\/span><\/h1>\n<p style=\"text-align: left;\"><span style=\"font-weight: 400;\"><strong>Nom de director<\/strong>: Rene Fontainer<\/span><\/p>\n<p><span style=\"font-weight: 400;\"><strong>Repartiment<\/strong>: Sacha Baron Cohen, Megan Fox, Ben\u00a0<\/span><span style=\"font-weight: 400;\">Kingsley, Anna Far<\/span><\/p>\n<p><span style=\"font-weight: 400;\"><strong>Duraci\u00f3<\/strong>: 85 minuts<\/span><\/p>\n<p><span style=\"font-weight: 400;\"><strong>G\u00e8nere<\/strong>: com\u00e8dia<\/span><\/p>\n<p><strong>Argument<\/strong><\/p>\n<p><span style=\"font-weight: 400;\">Al nord d\u00b4\u00c0frica la Rep\u00fablica de Wadiya est\u00e0 governada per\u00a0<\/span><span style=\"font-weight: 400;\">l\u00b4almirall general Haffaz Aladeen (Sacha Baron Cohen), un\u00a0<\/span><span style=\"font-weight: 400;\">dictador infantil, d\u00e8spota, misogin, anti-occidental i antisemita, que s\u00b4envolta de guardaespatlles femenines. Aladeen es nega a permetre que el petroli Wadiyano sigui venut internacionalment i est\u00e0 treballant en el desenvolupament d\u00b4armes nuclears. Despr\u00e9s que el Consell de Seguretat de les Nacions Unides decideixi intervenir militarment, Aladeen viatja a la seu de l\u00b4ONU a Nova York per dirigir-se al Consell. Poc despr\u00e9s d\u00b4arribar, \u00e9s segrestat per Clayton (John C. Reilly), un assass\u00ed a sou contractat pel seu oncle Tamir\u00a0<\/span><\/p>\n<p><img loading=\"lazy\" decoding=\"async\" class=\"size-thumbnail wp-image-461 aligncenter\" src=\"https:\/\/www.revista-insaiguaviva.org\/curs2017-2018\/wp-content\/uploads\/2018\/02\/DICTADOR-150x150.jpg\" alt=\"\" width=\"150\" height=\"150\" srcset=\"https:\/\/www.revista-insaiguaviva.org\/curs2017-2018\/wp-content\/uploads\/2018\/02\/DICTADOR-150x150.jpg 150w, https:\/\/www.revista-insaiguaviva.org\/curs2017-2018\/wp-content\/uploads\/2018\/02\/DICTADOR-100x100.jpg 100w\" sizes=\"auto, (max-width: 150px) 100vw, 150px\" \/><\/p>\n<p>BY: OMAR DRIOUACHE 2NC<\/p>\n","protected":false},"excerpt":{"rendered":"<p>\u00a0 \u00a0 \u00a0 \u00a0 \u00a0 \u00a0 \u00a0The dictator Nom de director: Rene Fontainer Repartiment: Sacha Baron Cohen, Megan Fox, Ben\u00a0Kingsley, Anna Far Duraci\u00f3: 85 minuts G\u00e8nere: com\u00e8dia Argument Al nord d\u00b4\u00c0frica la Rep\u00fablica de Wadiya est\u00e0 governada per\u00a0l\u00b4almirall general Haffaz Aladeen (Sacha Baron Cohen), un\u00a0dictador infantil, d\u00e8spota, misogin, anti-occidental i antisemita, que s\u00b4envolta de guardaespatlles &hellip; <\/p>\n<p class=\"link-more\"><a href=\"https:\/\/www.revista-insaiguaviva.org\/curs2017-2018\/2018\/02\/02\/mayores\/\" class=\"more-link\">Continua llegint <span class=\"screen-reader-text\">\u00abDICTADOR\u00bb<\/span><\/a><\/p>\n","protected":false},"author":1,"featured_media":0,"comment_status":"open","ping_status":"open","sticky":false,"template":"","format":"standard","meta":{"footnotes":""},"categories":[60],"tags":[],"class_list":["post-409","post","type-post","status-publish","format-standard","hentry","category-el-dictador"],"_links":{"self":[{"href":"https:\/\/www.revista-insaiguaviva.org\/curs2017-2018\/wp-json\/wp\/v2\/posts\/409","targetHints":{"allow":["GET"]}}],"collection":[{"href":"https:\/\/www.revista-insaiguaviva.org\/curs2017-2018\/wp-json\/wp\/v2\/posts"}],"about":[{"href":"https:\/\/www.revista-insaiguaviva.org\/curs2017-2018\/wp-json\/wp\/v2\/types\/post"}],"author":[{"embeddable":true,"href":"https:\/\/www.revista-insaiguaviva.org\/curs2017-2018\/wp-json\/wp\/v2\/users\/1"}],"replies":[{"embeddable":true,"href":"https:\/\/www.revista-insaiguaviva.org\/curs2017-2018\/wp-json\/wp\/v2\/comments?post=409"}],"version-history":[{"count":6,"href":"https:\/\/www.revista-insaiguaviva.org\/curs2017-2018\/wp-json\/wp\/v2\/posts\/409\/revisions"}],"predecessor-version":[{"id":526,"href":"https:\/\/www.revista-insaiguaviva.org\/curs2017-2018\/wp-json\/wp\/v2\/posts\/409\/revisions\/526"}],"wp:attachment":[{"href":"https:\/\/www.revista-insaiguaviva.org\/curs2017-2018\/wp-json\/wp\/v2\/media?parent=409"}],"wp:term":[{"taxonomy":"category","embeddable":true,"href":"https:\/\/www.revista-insaiguaviva.org\/curs2017-2018\/wp-json\/wp\/v2\/categories?post=409"},{"taxonomy":"post_tag","embeddable":true,"href":"https:\/\/www.revista-insaiguaviva.org\/curs2017-2018\/wp-json\/wp\/v2\/tags?post=409"}],"curies":[{"name":"wp","href":"https:\/\/api.w.org\/{rel}","templated":true}]}}