{"id":42,"date":"2017-10-24T09:13:30","date_gmt":"2017-10-24T07:13:30","guid":{"rendered":"https:\/\/revista-insaiguaviva.org\/curs2017-2018\/?p=42"},"modified":"2017-12-03T22:10:14","modified_gmt":"2017-12-03T20:10:14","slug":"tutoria-entre-iguals","status":"publish","type":"post","link":"https:\/\/www.revista-insaiguaviva.org\/curs2017-2018\/2017\/10\/24\/tutoria-entre-iguals\/","title":{"rendered":"Tutoria entre iguals &#8211; Primera trobada 12-09-2017"},"content":{"rendered":"<p>El passat dimarts, dia 12 de setembre, vam tenir la presentaci\u00f3 del nou curs i, a m\u00e9s, vam realitzar la primera trobada entre els alumnes de 1r d&#8217;ESO i els alumnes de 3r d&#8217;ESO que formen part del projecte de Tutoria entre iguals.<\/p>\n<p>Esperem que aquest projecte, que enguany engeguem amb molta il.lusi\u00f3, ens serveixi a tots per mantenir i millorar un bon clima de conviv\u00e8ncia al nostre centre i per facilitar l&#8217;acc\u00e9s a la secund\u00e0ria dels nous alumnes de primer.<\/p>\n<p><img loading=\"lazy\" decoding=\"async\" class=\"aligncenter size-medium wp-image-2100\" src=\"http:\/\/www.insaiguaviva.org\/wp-content\/uploads\/2017\/09\/DSC_1780-300x200.jpg\" alt=\"\" width=\"300\" height=\"200\" \/><\/p>\n<p><img loading=\"lazy\" decoding=\"async\" class=\"aligncenter size-medium wp-image-2102\" src=\"http:\/\/www.insaiguaviva.org\/wp-content\/uploads\/2017\/09\/DSC_1786-300x200.jpg\" alt=\"\" width=\"300\" height=\"200\" \/><\/p>\n<p><img loading=\"lazy\" decoding=\"async\" class=\"aligncenter size-medium wp-image-2103\" src=\"http:\/\/www.insaiguaviva.org\/wp-content\/uploads\/2017\/09\/DSC_1789-300x200.jpg\" alt=\"\" width=\"300\" height=\"200\" \/><\/p>\n<p>Si voleu veure m\u00e9s fotografies, cliqueu <a href=\"https:\/\/photos.app.goo.gl\/ImYJ8dI0x28MmDj92\" target=\"_blank\" rel=\"noopener\">aqu\u00ed.<\/a><\/p>\n","protected":false},"excerpt":{"rendered":"<p>El passat dimarts, dia 12 de setembre, vam tenir la presentaci\u00f3 del nou curs i, a m\u00e9s, vam realitzar la primera trobada entre els alumnes de 1r d&#8217;ESO i els alumnes de 3r d&#8217;ESO que formen part del projecte de Tutoria entre iguals. Esperem que aquest projecte, que enguany engeguem amb molta il.lusi\u00f3, ens serveixi &hellip; <\/p>\n<p class=\"link-more\"><a href=\"https:\/\/www.revista-insaiguaviva.org\/curs2017-2018\/2017\/10\/24\/tutoria-entre-iguals\/\" class=\"more-link\">Continua llegint <span class=\"screen-reader-text\">\u00abTutoria entre iguals &#8211; Primera trobada 12-09-2017\u00bb<\/span><\/a><\/p>\n","protected":false},"author":2,"featured_media":0,"comment_status":"open","ping_status":"open","sticky":false,"template":"","format":"standard","meta":{"footnotes":""},"categories":[49,18],"tags":[],"class_list":["post-42","post","type-post","status-publish","format-standard","hentry","category-primera-trobada-12-09-2017","category-tutoria-entre-iguals"],"_links":{"self":[{"href":"https:\/\/www.revista-insaiguaviva.org\/curs2017-2018\/wp-json\/wp\/v2\/posts\/42","targetHints":{"allow":["GET"]}}],"collection":[{"href":"https:\/\/www.revista-insaiguaviva.org\/curs2017-2018\/wp-json\/wp\/v2\/posts"}],"about":[{"href":"https:\/\/www.revista-insaiguaviva.org\/curs2017-2018\/wp-json\/wp\/v2\/types\/post"}],"author":[{"embeddable":true,"href":"https:\/\/www.revista-insaiguaviva.org\/curs2017-2018\/wp-json\/wp\/v2\/users\/2"}],"replies":[{"embeddable":true,"href":"https:\/\/www.revista-insaiguaviva.org\/curs2017-2018\/wp-json\/wp\/v2\/comments?post=42"}],"version-history":[{"count":2,"href":"https:\/\/www.revista-insaiguaviva.org\/curs2017-2018\/wp-json\/wp\/v2\/posts\/42\/revisions"}],"predecessor-version":[{"id":249,"href":"https:\/\/www.revista-insaiguaviva.org\/curs2017-2018\/wp-json\/wp\/v2\/posts\/42\/revisions\/249"}],"wp:attachment":[{"href":"https:\/\/www.revista-insaiguaviva.org\/curs2017-2018\/wp-json\/wp\/v2\/media?parent=42"}],"wp:term":[{"taxonomy":"category","embeddable":true,"href":"https:\/\/www.revista-insaiguaviva.org\/curs2017-2018\/wp-json\/wp\/v2\/categories?post=42"},{"taxonomy":"post_tag","embeddable":true,"href":"https:\/\/www.revista-insaiguaviva.org\/curs2017-2018\/wp-json\/wp\/v2\/tags?post=42"}],"curies":[{"name":"wp","href":"https:\/\/api.w.org\/{rel}","templated":true}]}}