{"id":569,"date":"2018-02-18T19:39:14","date_gmt":"2018-02-18T17:39:14","guid":{"rendered":"https:\/\/www.revista-insaiguaviva.org\/curs2017-2018\/?p=569"},"modified":"2018-02-21T22:38:59","modified_gmt":"2018-02-21T20:38:59","slug":"ruta-de-lexili-gener-2018","status":"publish","type":"post","link":"https:\/\/www.revista-insaiguaviva.org\/curs2017-2018\/2018\/02\/18\/ruta-de-lexili-gener-2018\/","title":{"rendered":"Ruta de l&#8217;exili &#8211; Gener 2018"},"content":{"rendered":"<p><span style=\"font-weight: 400;\">El passat dimecres, 31 de gener de 2018, els alumnes de 4<\/span><span style=\"font-weight: 400;\">t<\/span><span style=\"font-weight: 400;\"> de l&#8217;ESO de l&#8217;institut Aiguaviva van realitzar una sortida a Fran\u00e7a. Aquesta sortida es va realitzar en el marc curricular de les assignatures d&#8217;\u00c8tica, ci\u00e8ncies socials, catal\u00e0, castell\u00e0 i franc\u00e8s.<\/span><\/p>\n<p><span style=\"font-weight: 400;\">A partir de la lectura del llibre d&#8217;Assumpta Montell\u00e0,<\/span><i><span style=\"font-weight: 400;\"> La Maternitat d&#8217;Elna,<\/span><\/i><span style=\"font-weight: 400;\"> a l&#8217;\u00e0rea d&#8217;\u00c8tica, els alumnes s&#8217;han endinsat en el coneixement de la hist\u00f2ria dels dem\u00f2crates republicans que en acabar la Guerra Civil espanyola (18 juliol 1936 a 1 d&#8217;abril de 1939) es van veure obligats a marxar cap a l&#8217;exili.<\/span><\/p>\n<p><span style=\"font-weight: 400;\">Ens va acompanyar l&#8217;autora del llibre que els va explicar les circumst\u00e0ncies que la van dur a la recerca d&#8217;aquesta impressionant hist\u00f2ria, protagonitzada per la jove mestra su\u00efssa, Elisabeth Eidenbenz, que va salvar la vida a 597 nens d&#8217;una mort segura, al camp de refugiats d&#8217;Argelers, entre el 1939 i 1944.<\/span><\/p>\n<p><span style=\"font-weight: 400;\">Vam comen\u00e7ar visitant \u00a0la Maternitat d&#8217;Elna, antic palauet que, en acabar<\/span><span style=\"font-weight: 400;\"> la guerra civil espanyola, i davant l\u2019allau de refugiats que van arribar a Fran\u00e7a, la Creu Roja Internacional va encarregar a la mestra i infermera<\/span><b> Elisabeth Eidenbenz,\u00a0 <\/b>posar en marxa<b>\u00a0<\/b><span style=\"font-weight: 400;\">un centre d\u2019acollida per a les dones embarassad<\/span><span style=\"font-size: 1rem;\">es, la majoria catalanes, recloses als camps de concentraci\u00f3 francesos.<\/span><\/p>\n<p><img loading=\"lazy\" decoding=\"async\" class=\"alignnone size-medium wp-image-570 aligncenter\" src=\"https:\/\/www.revista-insaiguaviva.org\/curs2017-2018\/wp-content\/uploads\/2018\/02\/IMG-20180131-WA0007-300x180.jpg\" alt=\"\" width=\"300\" height=\"180\" srcset=\"https:\/\/www.revista-insaiguaviva.org\/curs2017-2018\/wp-content\/uploads\/2018\/02\/IMG-20180131-WA0007-300x180.jpg 300w, https:\/\/www.revista-insaiguaviva.org\/curs2017-2018\/wp-content\/uploads\/2018\/02\/IMG-20180131-WA0007-768x461.jpg 768w, https:\/\/www.revista-insaiguaviva.org\/curs2017-2018\/wp-content\/uploads\/2018\/02\/IMG-20180131-WA0007-1024x614.jpg 1024w, https:\/\/www.revista-insaiguaviva.org\/curs2017-2018\/wp-content\/uploads\/2018\/02\/IMG-20180131-WA0007.jpg 1600w\" sizes=\"auto, (max-width: 300px) 100vw, 300px\" \/><\/p>\n<p><b>Camp d&#8217;Argelers<\/b><\/p>\n<p><span style=\"font-weight: 400;\">A la platja d&#8217;Argelers es van agafar de les mans i van fer un minut de silenci en record de les v\u00edctimes del camp. Va ser un moment molt emotiu. Com deia Walter Benjamin, va ser un instant en qu\u00e8 <\/span><i><span style=\"font-weight: 400;\">es van fer presents els absents.<\/span><\/i><\/p>\n<p><img loading=\"lazy\" decoding=\"async\" class=\"alignnone wp-image-572 size-medium aligncenter\" src=\"https:\/\/www.revista-insaiguaviva.org\/curs2017-2018\/wp-content\/uploads\/2018\/02\/20180131_133526-e1518511331636-169x300.jpg\" alt=\"\" width=\"169\" height=\"300\" srcset=\"https:\/\/www.revista-insaiguaviva.org\/curs2017-2018\/wp-content\/uploads\/2018\/02\/20180131_133526-e1518511331636-169x300.jpg 169w, https:\/\/www.revista-insaiguaviva.org\/curs2017-2018\/wp-content\/uploads\/2018\/02\/20180131_133526-e1518511331636-768x1365.jpg 768w, https:\/\/www.revista-insaiguaviva.org\/curs2017-2018\/wp-content\/uploads\/2018\/02\/20180131_133526-e1518511331636-576x1024.jpg 576w\" sizes=\"auto, (max-width: 169px) 100vw, 169px\" \/><\/p>\n<p><span style=\"font-weight: 400;\">Davant del cementiri del republicans morts al camp d\u2019Argelers, l\u2019autocar va reduir la m<\/span><span style=\"font-size: 1rem;\">arxa i l\u2019Assumpta Montell\u00e0 ens va explicar, breument, \u00a0la seva hist\u00f2ria.<\/span><img loading=\"lazy\" decoding=\"async\" class=\"alignnone size-medium wp-image-573 aligncenter\" src=\"https:\/\/www.revista-insaiguaviva.org\/curs2017-2018\/wp-content\/uploads\/2018\/02\/IMG-20180131-WA0002-300x169.jpg\" alt=\"\" width=\"300\" height=\"169\" srcset=\"https:\/\/www.revista-insaiguaviva.org\/curs2017-2018\/wp-content\/uploads\/2018\/02\/IMG-20180131-WA0002-300x169.jpg 300w, https:\/\/www.revista-insaiguaviva.org\/curs2017-2018\/wp-content\/uploads\/2018\/02\/IMG-20180131-WA0002-768x432.jpg 768w, https:\/\/www.revista-insaiguaviva.org\/curs2017-2018\/wp-content\/uploads\/2018\/02\/IMG-20180131-WA0002-1024x576.jpg 1024w, https:\/\/www.revista-insaiguaviva.org\/curs2017-2018\/wp-content\/uploads\/2018\/02\/IMG-20180131-WA0002.jpg 1328w\" sizes=\"auto, (max-width: 300px) 100vw, 300px\" \/><\/p>\n<p><span style=\"font-weight: 400;\">Despr\u00e9s ens vam dirigir cap a Cotlliure per \u00a0<\/span><span style=\"font-weight: 400;\">visitar la tomba del poeta Antonio Machado.<\/span><b>\u00a0 \u00a0\u00a0<\/b><\/p>\n<p><b> \u00a0<\/b><img loading=\"lazy\" decoding=\"async\" class=\"size-medium wp-image-571 aligncenter\" style=\"font-size: 1rem;\" src=\"https:\/\/www.revista-insaiguaviva.org\/curs2017-2018\/wp-content\/uploads\/2018\/02\/IMG-20180131-WA0009-169x300.jpg\" alt=\"\" width=\"169\" height=\"300\" srcset=\"https:\/\/www.revista-insaiguaviva.org\/curs2017-2018\/wp-content\/uploads\/2018\/02\/IMG-20180131-WA0009-169x300.jpg 169w, https:\/\/www.revista-insaiguaviva.org\/curs2017-2018\/wp-content\/uploads\/2018\/02\/IMG-20180131-WA0009-576x1024.jpg 576w, https:\/\/www.revista-insaiguaviva.org\/curs2017-2018\/wp-content\/uploads\/2018\/02\/IMG-20180131-WA0009.jpg 747w\" sizes=\"auto, (max-width: 169px) 100vw, 169px\" \/><\/p>\n<p><span style=\"font-weight: 400;\"><b style=\"font-size: 1rem;\">Tomba d&#8217;Antonio Ma<\/b><b style=\"font-size: 1rem;\">chado a \u00a0Cotliiure<\/b><\/span><\/p>\n<p><span style=\"font-weight: 400;\">A<\/span><span style=\"font-weight: 400;\">ll\u00e0\u00a0<\/span><span style=\"font-weight: 400;\">els<\/span><span style=\"font-weight: 400;\">\u00a0a<\/span><span style=\"font-size: 1rem;\">lumnes van re<\/span><span style=\"font-size: 1rem;\">citar poemes seus en<\/span><span style=\"font-weight: 400;\">mig d&#8217;un recolliment i emoci\u00f3 que va fer que la<\/span><span style=\"font-weight: 400;\">\u00a0seva poesia adquir\u00eds tot el \u00a0sentit \u00a0de la seva<\/span><span style=\"font-size: 1rem;\">\u00a0obra.<\/span><\/p>\n<p><span style=\"font-weight: 400;\">En acabar, van fer una ofrena floral a la seva mem\u00f2ria.<\/span><\/p>\n<p><span style=\"font-weight: 400;\">Finalment, els alumnes van disposar de temps lliure per visitar el bonic poble costaner de Cotlliure i practicar el franc\u00e8s.<\/span><\/p>\n<p style=\"text-align: center;\"><iframe loading=\"lazy\" src=\"https:\/\/www.youtube.com\/embed\/YGbqoum99BY\" width=\"420\" height=\"300\" frameborder=\"0\" allowfullscreen=\"allowfullscreen\"><\/iframe><\/p>\n<p><strong>Podeu veure m\u00e9s fotografies clicant <a href=\"https:\/\/photos.app.goo.gl\/iBXFtubv4U1SKoJ63\" target=\"_blank\" rel=\"noopener\">aqu\u00ed.<\/a><\/strong><\/p>\n<p>&nbsp;<\/p>\n","protected":false},"excerpt":{"rendered":"<p>El passat dimecres, 31 de gener de 2018, els alumnes de 4t de l&#8217;ESO de l&#8217;institut Aiguaviva van realitzar una sortida a Fran\u00e7a. Aquesta sortida es va realitzar en el marc curricular de les assignatures d&#8217;\u00c8tica, ci\u00e8ncies socials, catal\u00e0, castell\u00e0 i franc\u00e8s. A partir de la lectura del llibre d&#8217;Assumpta Montell\u00e0, La Maternitat d&#8217;Elna, a &hellip; <\/p>\n<p class=\"link-more\"><a href=\"https:\/\/www.revista-insaiguaviva.org\/curs2017-2018\/2018\/02\/18\/ruta-de-lexili-gener-2018\/\" class=\"more-link\">Continua llegint <span class=\"screen-reader-text\">\u00abRuta de l&#8217;exili &#8211; Gener 2018\u00bb<\/span><\/a><\/p>\n","protected":false},"author":2,"featured_media":0,"comment_status":"open","ping_status":"open","sticky":false,"template":"","format":"standard","meta":{"footnotes":""},"categories":[1,76],"tags":[],"class_list":["post-569","post","type-post","status-publish","format-standard","hentry","category-general","category-ruta-de-lexili"],"_links":{"self":[{"href":"https:\/\/www.revista-insaiguaviva.org\/curs2017-2018\/wp-json\/wp\/v2\/posts\/569","targetHints":{"allow":["GET"]}}],"collection":[{"href":"https:\/\/www.revista-insaiguaviva.org\/curs2017-2018\/wp-json\/wp\/v2\/posts"}],"about":[{"href":"https:\/\/www.revista-insaiguaviva.org\/curs2017-2018\/wp-json\/wp\/v2\/types\/post"}],"author":[{"embeddable":true,"href":"https:\/\/www.revista-insaiguaviva.org\/curs2017-2018\/wp-json\/wp\/v2\/users\/2"}],"replies":[{"embeddable":true,"href":"https:\/\/www.revista-insaiguaviva.org\/curs2017-2018\/wp-json\/wp\/v2\/comments?post=569"}],"version-history":[{"count":7,"href":"https:\/\/www.revista-insaiguaviva.org\/curs2017-2018\/wp-json\/wp\/v2\/posts\/569\/revisions"}],"predecessor-version":[{"id":610,"href":"https:\/\/www.revista-insaiguaviva.org\/curs2017-2018\/wp-json\/wp\/v2\/posts\/569\/revisions\/610"}],"wp:attachment":[{"href":"https:\/\/www.revista-insaiguaviva.org\/curs2017-2018\/wp-json\/wp\/v2\/media?parent=569"}],"wp:term":[{"taxonomy":"category","embeddable":true,"href":"https:\/\/www.revista-insaiguaviva.org\/curs2017-2018\/wp-json\/wp\/v2\/categories?post=569"},{"taxonomy":"post_tag","embeddable":true,"href":"https:\/\/www.revista-insaiguaviva.org\/curs2017-2018\/wp-json\/wp\/v2\/tags?post=569"}],"curies":[{"name":"wp","href":"https:\/\/api.w.org\/{rel}","templated":true}]}}