{"id":666,"date":"2018-03-18T19:23:26","date_gmt":"2018-03-18T17:23:26","guid":{"rendered":"https:\/\/www.revista-insaiguaviva.org\/curs2017-2018\/?p=666"},"modified":"2018-03-18T19:24:08","modified_gmt":"2018-03-18T17:24:08","slug":"8-de-marc-dia-de-la-dona","status":"publish","type":"post","link":"https:\/\/www.revista-insaiguaviva.org\/curs2017-2018\/2018\/03\/18\/8-de-marc-dia-de-la-dona\/","title":{"rendered":"8 de mar\u00e7: Dia de la dona"},"content":{"rendered":"<div>Los alumnos de 4\u00ba de ESO hemos trabajado en Lengua castellana, con motivo del d\u00eda 8 de marzo, sobre los motivos de reivindicaci\u00f3n de las mujeres, intentando conocer y entender los elementos de discriminaci\u00f3n o desigualdad en la sociedad actual. Aunque algunos aspectos eran sobradamente conocidos, hemos aprendido a ver la realidad desde otra perspectiva.<\/div>\n<div>Esta presentaci\u00f3n la han realizado Marta Rodr\u00edguez y Shakira Mart\u00ednez de 4o A.<\/div>\n<div><\/div>\n<div><\/div>\n<div><\/div>\n<p style=\"text-align: center;\"><iframe loading=\"lazy\" id=\"iframe_container\" src=\"https:\/\/prezi.com\/embed\/t4z3abpx5qxs\/?bgcolor=ffffff&amp;lock_to_path=0&amp;autoplay=0&amp;autohide_ctrls=0&amp;landing_data=bHVZZmNaNDBIWnNjdEVENDRhZDFNZGNIUE1Jc3ZUNlZaY3dXaVc5ZDVid0JVSG12LysvNGdGZ090c3dveEdvSW5Rdz0&amp;landing_sign=-OvLbQHO_zxgXAQ5a_XBTnj6ZGQJEqSYHp68G5MWkeo\" width=\"420\" height=\"315\" frameborder=\"0\" allowfullscreen=\"allowfullscreen\"><\/iframe><\/p>\n","protected":false},"excerpt":{"rendered":"<p>Los alumnos de 4\u00ba de ESO hemos trabajado en Lengua castellana, con motivo del d\u00eda 8 de marzo, sobre los motivos de reivindicaci\u00f3n de las mujeres, intentando conocer y entender los elementos de discriminaci\u00f3n o desigualdad en la sociedad actual. Aunque algunos aspectos eran sobradamente conocidos, hemos aprendido a ver la realidad desde otra perspectiva. &hellip; <\/p>\n<p class=\"link-more\"><a href=\"https:\/\/www.revista-insaiguaviva.org\/curs2017-2018\/2018\/03\/18\/8-de-marc-dia-de-la-dona\/\" class=\"more-link\">Continua llegint <span class=\"screen-reader-text\">\u00ab8 de mar\u00e7: Dia de la dona\u00bb<\/span><\/a><\/p>\n","protected":false},"author":2,"featured_media":0,"comment_status":"open","ping_status":"open","sticky":false,"template":"","format":"standard","meta":{"footnotes":""},"categories":[88],"tags":[],"class_list":["post-666","post","type-post","status-publish","format-standard","hentry","category-8-de-marzo-dia-de-la-mujer"],"_links":{"self":[{"href":"https:\/\/www.revista-insaiguaviva.org\/curs2017-2018\/wp-json\/wp\/v2\/posts\/666","targetHints":{"allow":["GET"]}}],"collection":[{"href":"https:\/\/www.revista-insaiguaviva.org\/curs2017-2018\/wp-json\/wp\/v2\/posts"}],"about":[{"href":"https:\/\/www.revista-insaiguaviva.org\/curs2017-2018\/wp-json\/wp\/v2\/types\/post"}],"author":[{"embeddable":true,"href":"https:\/\/www.revista-insaiguaviva.org\/curs2017-2018\/wp-json\/wp\/v2\/users\/2"}],"replies":[{"embeddable":true,"href":"https:\/\/www.revista-insaiguaviva.org\/curs2017-2018\/wp-json\/wp\/v2\/comments?post=666"}],"version-history":[{"count":2,"href":"https:\/\/www.revista-insaiguaviva.org\/curs2017-2018\/wp-json\/wp\/v2\/posts\/666\/revisions"}],"predecessor-version":[{"id":668,"href":"https:\/\/www.revista-insaiguaviva.org\/curs2017-2018\/wp-json\/wp\/v2\/posts\/666\/revisions\/668"}],"wp:attachment":[{"href":"https:\/\/www.revista-insaiguaviva.org\/curs2017-2018\/wp-json\/wp\/v2\/media?parent=666"}],"wp:term":[{"taxonomy":"category","embeddable":true,"href":"https:\/\/www.revista-insaiguaviva.org\/curs2017-2018\/wp-json\/wp\/v2\/categories?post=666"},{"taxonomy":"post_tag","embeddable":true,"href":"https:\/\/www.revista-insaiguaviva.org\/curs2017-2018\/wp-json\/wp\/v2\/tags?post=666"}],"curies":[{"name":"wp","href":"https:\/\/api.w.org\/{rel}","templated":true}]}}