{"id":706,"date":"2018-04-11T19:18:51","date_gmt":"2018-04-11T17:18:51","guid":{"rendered":"https:\/\/www.revista-insaiguaviva.org\/curs2017-2018\/?p=706"},"modified":"2018-04-11T19:19:02","modified_gmt":"2018-04-11T17:19:02","slug":"fundacio-alicia-i-mon-st-benet","status":"publish","type":"post","link":"https:\/\/www.revista-insaiguaviva.org\/curs2017-2018\/2018\/04\/11\/fundacio-alicia-i-mon-st-benet\/","title":{"rendered":"Fundaci\u00f3 Al\u00edcia i M\u00f3n St. Benet"},"content":{"rendered":"<p>Podeu veure les fotografies de la sortida que han realitzat avui, 11 d&#8217;abril, els alumnes de 2n B i D d&#8217;ESO a la Fundaci\u00f3 Al\u00edci<span style=\"font-size: 1rem;\">a i M\u00f3n St. Benet clic<\/span><span style=\"font-size: 1rem;\">ant <\/span><a style=\"font-size: 1rem;\" href=\"https:\/\/photos.app.goo.gl\/Dd7QkvTt78JZ9qgy2\" target=\"_blank\" rel=\"noopener\">aqu\u00ed.<\/a><span style=\"font-size: 1rem;\">\u00a0<\/span><\/p>\n<p><img loading=\"lazy\" decoding=\"async\" class=\"alignnone size-medium wp-image-707 alignleft\" src=\"https:\/\/www.revista-insaiguaviva.org\/curs2017-2018\/wp-content\/uploads\/2018\/04\/IMG-20180411-WA0034-225x300.jpg\" alt=\"\" width=\"225\" height=\"300\" srcset=\"https:\/\/www.revista-insaiguaviva.org\/curs2017-2018\/wp-content\/uploads\/2018\/04\/IMG-20180411-WA0034-225x300.jpg 225w, https:\/\/www.revista-insaiguaviva.org\/curs2017-2018\/wp-content\/uploads\/2018\/04\/IMG-20180411-WA0034-768x1024.jpg 768w, https:\/\/www.revista-insaiguaviva.org\/curs2017-2018\/wp-content\/uploads\/2018\/04\/IMG-20180411-WA0034.jpg 1200w\" sizes=\"auto, (max-width: 225px) 100vw, 225px\" \/>\u00a0 \u00a0 \u00a0 \u00a0<img loading=\"lazy\" decoding=\"async\" class=\"alignnone size-medium wp-image-708 alignleft\" src=\"https:\/\/www.revista-insaiguaviva.org\/curs2017-2018\/wp-content\/uploads\/2018\/04\/IMG-20180411-WA0035-225x300.jpg\" alt=\"\" width=\"225\" height=\"300\" srcset=\"https:\/\/www.revista-insaiguaviva.org\/curs2017-2018\/wp-content\/uploads\/2018\/04\/IMG-20180411-WA0035-225x300.jpg 225w, https:\/\/www.revista-insaiguaviva.org\/curs2017-2018\/wp-content\/uploads\/2018\/04\/IMG-20180411-WA0035-768x1024.jpg 768w, https:\/\/www.revista-insaiguaviva.org\/curs2017-2018\/wp-content\/uploads\/2018\/04\/IMG-20180411-WA0035.jpg 1200w\" sizes=\"auto, (max-width: 225px) 100vw, 225px\" \/><\/p>\n","protected":false},"excerpt":{"rendered":"<p>Podeu veure les fotografies de la sortida que han realitzat avui, 11 d&#8217;abril, els alumnes de 2n B i D d&#8217;ESO a la Fundaci\u00f3 Al\u00edcia i M\u00f3n St. Benet clicant aqu\u00ed.\u00a0 \u00a0 \u00a0 \u00a0 \u00a0<\/p>\n","protected":false},"author":2,"featured_media":0,"comment_status":"open","ping_status":"open","sticky":false,"template":"","format":"standard","meta":{"footnotes":""},"categories":[92],"tags":[],"class_list":["post-706","post","type-post","status-publish","format-standard","hentry","category-fundacio-alicia-mon-sant-benet-2-eso"],"_links":{"self":[{"href":"https:\/\/www.revista-insaiguaviva.org\/curs2017-2018\/wp-json\/wp\/v2\/posts\/706","targetHints":{"allow":["GET"]}}],"collection":[{"href":"https:\/\/www.revista-insaiguaviva.org\/curs2017-2018\/wp-json\/wp\/v2\/posts"}],"about":[{"href":"https:\/\/www.revista-insaiguaviva.org\/curs2017-2018\/wp-json\/wp\/v2\/types\/post"}],"author":[{"embeddable":true,"href":"https:\/\/www.revista-insaiguaviva.org\/curs2017-2018\/wp-json\/wp\/v2\/users\/2"}],"replies":[{"embeddable":true,"href":"https:\/\/www.revista-insaiguaviva.org\/curs2017-2018\/wp-json\/wp\/v2\/comments?post=706"}],"version-history":[{"count":2,"href":"https:\/\/www.revista-insaiguaviva.org\/curs2017-2018\/wp-json\/wp\/v2\/posts\/706\/revisions"}],"predecessor-version":[{"id":710,"href":"https:\/\/www.revista-insaiguaviva.org\/curs2017-2018\/wp-json\/wp\/v2\/posts\/706\/revisions\/710"}],"wp:attachment":[{"href":"https:\/\/www.revista-insaiguaviva.org\/curs2017-2018\/wp-json\/wp\/v2\/media?parent=706"}],"wp:term":[{"taxonomy":"category","embeddable":true,"href":"https:\/\/www.revista-insaiguaviva.org\/curs2017-2018\/wp-json\/wp\/v2\/categories?post=706"},{"taxonomy":"post_tag","embeddable":true,"href":"https:\/\/www.revista-insaiguaviva.org\/curs2017-2018\/wp-json\/wp\/v2\/tags?post=706"}],"curies":[{"name":"wp","href":"https:\/\/api.w.org\/{rel}","templated":true}]}}