{"id":716,"date":"2018-04-11T22:10:07","date_gmt":"2018-04-11T20:10:07","guid":{"rendered":"https:\/\/www.revista-insaiguaviva.org\/curs2017-2018\/?p=716"},"modified":"2018-04-11T22:13:36","modified_gmt":"2018-04-11T20:13:36","slug":"servei-comunitari-explica-mho-tu-5a-sessio","status":"publish","type":"post","link":"https:\/\/www.revista-insaiguaviva.org\/curs2017-2018\/2018\/04\/11\/servei-comunitari-explica-mho-tu-5a-sessio\/","title":{"rendered":"Servei comunitari: Explica-m&#8217;ho tu. 5a. sessi\u00f3"},"content":{"rendered":"<p>Els alumnes del servei comunitari <em>Explica-m&#8217;ho<\/em> t\u00fa han fet la cinquena i pen\u00faltima sessi\u00f3 del projecte. Ha estat molt emotiu com s&#8217;han acomiadat els uns dels altres fins a l&#8217;estiu, quan es tornaran a trobar.<\/p>\n<p>Podeu veure totes les fotos cliclant:<\/p>\n<ul>\n<li><a href=\"https:\/\/photos.app.goo.gl\/BUfZDPsep2sc8TGn2\" target=\"_blank\" rel=\"noopener\">Fotos primera trobada\u00a0 (16-02-2018)<\/a><\/li>\n<li><a href=\"https:\/\/photos.app.goo.gl\/rakrSvMdoU52xuFk1\" target=\"_blank\" rel=\"noopener\">Fotos segona trobada (23-02-2018)<\/a><\/li>\n<li><a href=\"https:\/\/photos.app.goo.gl\/aXa458UnzDsNv5h43\" target=\"_blank\" rel=\"noopener\">Fotos tercera trobada (9-03-2018)<\/a><\/li>\n<li><a href=\"https:\/\/photos.app.goo.gl\/8GJROnb59HY9lozr1\" target=\"_blank\" rel=\"noopener\">Fotos quarta trobada (16-03-2018)<\/a><\/li>\n<li><a href=\"https:\/\/photos.app.goo.gl\/TkaMPlK0NKNe94mE2\" target=\"_blank\" rel=\"noopener\">Fotos cinquena trobada (6-04-2018)<\/a><\/li>\n<\/ul>\n<p><img loading=\"lazy\" decoding=\"async\" class=\"size-medium wp-image-720 alignleft\" src=\"https:\/\/www.revista-insaiguaviva.org\/curs2017-2018\/wp-content\/uploads\/2018\/04\/20180406_160044-300x225.jpg\" alt=\"\" width=\"300\" height=\"225\" srcset=\"https:\/\/www.revista-insaiguaviva.org\/curs2017-2018\/wp-content\/uploads\/2018\/04\/20180406_160044-300x225.jpg 300w, https:\/\/www.revista-insaiguaviva.org\/curs2017-2018\/wp-content\/uploads\/2018\/04\/20180406_160044-768x576.jpg 768w, https:\/\/www.revista-insaiguaviva.org\/curs2017-2018\/wp-content\/uploads\/2018\/04\/20180406_160044-1024x768.jpg 1024w\" sizes=\"auto, (max-width: 300px) 100vw, 300px\" \/><\/p>\n","protected":false},"excerpt":{"rendered":"<p>Els alumnes del servei comunitari Explica-m&#8217;ho t\u00fa han fet la cinquena i pen\u00faltima sessi\u00f3 del projecte. Ha estat molt emotiu com s&#8217;han acomiadat els uns dels altres fins a l&#8217;estiu, quan es tornaran a trobar. Podeu veure totes les fotos cliclant: Fotos primera trobada\u00a0 (16-02-2018) Fotos segona trobada (23-02-2018) Fotos tercera trobada (9-03-2018) Fotos quarta &hellip; <\/p>\n<p class=\"link-more\"><a href=\"https:\/\/www.revista-insaiguaviva.org\/curs2017-2018\/2018\/04\/11\/servei-comunitari-explica-mho-tu-5a-sessio\/\" class=\"more-link\">Continua llegint <span class=\"screen-reader-text\">\u00abServei comunitari: Explica-m&#8217;ho tu. 5a. sessi\u00f3\u00bb<\/span><\/a><\/p>\n","protected":false},"author":2,"featured_media":0,"comment_status":"open","ping_status":"open","sticky":false,"template":"","format":"standard","meta":{"footnotes":""},"categories":[82],"tags":[],"class_list":["post-716","post","type-post","status-publish","format-standard","hentry","category-servei-comunitari"],"_links":{"self":[{"href":"https:\/\/www.revista-insaiguaviva.org\/curs2017-2018\/wp-json\/wp\/v2\/posts\/716","targetHints":{"allow":["GET"]}}],"collection":[{"href":"https:\/\/www.revista-insaiguaviva.org\/curs2017-2018\/wp-json\/wp\/v2\/posts"}],"about":[{"href":"https:\/\/www.revista-insaiguaviva.org\/curs2017-2018\/wp-json\/wp\/v2\/types\/post"}],"author":[{"embeddable":true,"href":"https:\/\/www.revista-insaiguaviva.org\/curs2017-2018\/wp-json\/wp\/v2\/users\/2"}],"replies":[{"embeddable":true,"href":"https:\/\/www.revista-insaiguaviva.org\/curs2017-2018\/wp-json\/wp\/v2\/comments?post=716"}],"version-history":[{"count":4,"href":"https:\/\/www.revista-insaiguaviva.org\/curs2017-2018\/wp-json\/wp\/v2\/posts\/716\/revisions"}],"predecessor-version":[{"id":722,"href":"https:\/\/www.revista-insaiguaviva.org\/curs2017-2018\/wp-json\/wp\/v2\/posts\/716\/revisions\/722"}],"wp:attachment":[{"href":"https:\/\/www.revista-insaiguaviva.org\/curs2017-2018\/wp-json\/wp\/v2\/media?parent=716"}],"wp:term":[{"taxonomy":"category","embeddable":true,"href":"https:\/\/www.revista-insaiguaviva.org\/curs2017-2018\/wp-json\/wp\/v2\/categories?post=716"},{"taxonomy":"post_tag","embeddable":true,"href":"https:\/\/www.revista-insaiguaviva.org\/curs2017-2018\/wp-json\/wp\/v2\/tags?post=716"}],"curies":[{"name":"wp","href":"https:\/\/api.w.org\/{rel}","templated":true}]}}