{"id":723,"date":"2018-04-12T22:05:06","date_gmt":"2018-04-12T20:05:06","guid":{"rendered":"https:\/\/www.revista-insaiguaviva.org\/curs2017-2018\/?p=723"},"modified":"2018-04-12T22:10:14","modified_gmt":"2018-04-12T20:10:14","slug":"fundacio-alicia-i-monestir-st-benet","status":"publish","type":"post","link":"https:\/\/www.revista-insaiguaviva.org\/curs2017-2018\/2018\/04\/12\/fundacio-alicia-i-monestir-st-benet\/","title":{"rendered":"Fundaci\u00f3 Al\u00edcia i Monestir St. Benet"},"content":{"rendered":"<p>Els alumnes de segon de l&#8217;ESO han gaudit de la natura, de la cultura i de la ci\u00e8ncia en una visita a la Fundaci\u00f3 Al\u00edCia i al Monestir de Sant Benet.<\/p>\n<ul>\n<li><a href=\"https:\/\/photos.app.goo.gl\/Dd7QkvTt78JZ9qgy2\" target=\"_blank\" rel=\"noopener\">Fotografies 2n B i D d&#8217;ESO &#8211; 11\/04\/2018<\/a><\/li>\n<li><a href=\"https:\/\/photos.app.goo.gl\/4JAQarvlzYCExTyi1\" target=\"_blank\" rel=\"noopener\">Fotografies 2n A i C d&#8217;ESO &#8211; 12\/04\/2018<\/a><\/li>\n<\/ul>\n<p><img loading=\"lazy\" decoding=\"async\" class=\"wp-image-727 size-medium aligncenter\" src=\"https:\/\/www.revista-insaiguaviva.org\/curs2017-2018\/wp-content\/uploads\/2018\/04\/IMG_1332-e1523563736860-225x300.jpg\" alt=\"\" width=\"225\" height=\"300\" srcset=\"https:\/\/www.revista-insaiguaviva.org\/curs2017-2018\/wp-content\/uploads\/2018\/04\/IMG_1332-e1523563736860-225x300.jpg 225w, https:\/\/www.revista-insaiguaviva.org\/curs2017-2018\/wp-content\/uploads\/2018\/04\/IMG_1332-e1523563736860-768x1024.jpg 768w\" sizes=\"auto, (max-width: 225px) 100vw, 225px\" \/><\/p>\n<p><img loading=\"lazy\" decoding=\"async\" class=\"wp-image-726 aligncenter\" src=\"https:\/\/www.revista-insaiguaviva.org\/curs2017-2018\/wp-content\/uploads\/2018\/04\/IMG_1356-300x225.jpg\" alt=\"\" width=\"344\" height=\"258\" srcset=\"https:\/\/www.revista-insaiguaviva.org\/curs2017-2018\/wp-content\/uploads\/2018\/04\/IMG_1356-300x225.jpg 300w, https:\/\/www.revista-insaiguaviva.org\/curs2017-2018\/wp-content\/uploads\/2018\/04\/IMG_1356-768x576.jpg 768w, https:\/\/www.revista-insaiguaviva.org\/curs2017-2018\/wp-content\/uploads\/2018\/04\/IMG_1356-1024x768.jpg 1024w\" sizes=\"auto, (max-width: 344px) 100vw, 344px\" \/><\/p>\n","protected":false},"excerpt":{"rendered":"<p>Els alumnes de segon de l&#8217;ESO han gaudit de la natura, de la cultura i de la ci\u00e8ncia en una visita a la Fundaci\u00f3 Al\u00edCia i al Monestir de Sant Benet. Fotografies 2n B i D d&#8217;ESO &#8211; 11\/04\/2018 Fotografies 2n A i C d&#8217;ESO &#8211; 12\/04\/2018<\/p>\n","protected":false},"author":2,"featured_media":0,"comment_status":"open","ping_status":"open","sticky":false,"template":"","format":"standard","meta":{"footnotes":""},"categories":[92],"tags":[],"class_list":["post-723","post","type-post","status-publish","format-standard","hentry","category-fundacio-alicia-mon-sant-benet-2-eso"],"_links":{"self":[{"href":"https:\/\/www.revista-insaiguaviva.org\/curs2017-2018\/wp-json\/wp\/v2\/posts\/723","targetHints":{"allow":["GET"]}}],"collection":[{"href":"https:\/\/www.revista-insaiguaviva.org\/curs2017-2018\/wp-json\/wp\/v2\/posts"}],"about":[{"href":"https:\/\/www.revista-insaiguaviva.org\/curs2017-2018\/wp-json\/wp\/v2\/types\/post"}],"author":[{"embeddable":true,"href":"https:\/\/www.revista-insaiguaviva.org\/curs2017-2018\/wp-json\/wp\/v2\/users\/2"}],"replies":[{"embeddable":true,"href":"https:\/\/www.revista-insaiguaviva.org\/curs2017-2018\/wp-json\/wp\/v2\/comments?post=723"}],"version-history":[{"count":5,"href":"https:\/\/www.revista-insaiguaviva.org\/curs2017-2018\/wp-json\/wp\/v2\/posts\/723\/revisions"}],"predecessor-version":[{"id":730,"href":"https:\/\/www.revista-insaiguaviva.org\/curs2017-2018\/wp-json\/wp\/v2\/posts\/723\/revisions\/730"}],"wp:attachment":[{"href":"https:\/\/www.revista-insaiguaviva.org\/curs2017-2018\/wp-json\/wp\/v2\/media?parent=723"}],"wp:term":[{"taxonomy":"category","embeddable":true,"href":"https:\/\/www.revista-insaiguaviva.org\/curs2017-2018\/wp-json\/wp\/v2\/categories?post=723"},{"taxonomy":"post_tag","embeddable":true,"href":"https:\/\/www.revista-insaiguaviva.org\/curs2017-2018\/wp-json\/wp\/v2\/tags?post=723"}],"curies":[{"name":"wp","href":"https:\/\/api.w.org\/{rel}","templated":true}]}}