{"id":759,"date":"2018-04-24T09:50:18","date_gmt":"2018-04-24T07:50:18","guid":{"rendered":"https:\/\/www.revista-insaiguaviva.org\/curs2017-2018\/?p=759"},"modified":"2018-05-07T19:13:44","modified_gmt":"2018-05-07T17:13:44","slug":"noel-et-busca","status":"publish","type":"post","link":"https:\/\/www.revista-insaiguaviva.org\/curs2017-2018\/2018\/04\/24\/noel-et-busca\/","title":{"rendered":"Noel et busca"},"content":{"rendered":"<p><img decoding=\"async\" src=\"https:\/\/imagessl8.casadellibro.com\/a\/l\/t0\/98\/9788424644598.jpg\" alt=\"Resultat d'imatges de fotografia del llibre noel et busca\" \/><\/p>\n<p><span style=\"font-weight: 400;\">L&#8217;Enric \u00e9s un noi que es desperta en un hospital amb el cos tot magullat, \u00a0sense enrecordar-se de res, ni de qui <\/span><span style=\"font-weight: 400;\">s\u00f3n<\/span><span style=\"font-weight: 400;\"> els seus pares, ni <\/span><span style=\"font-weight: 400;\">d&#8217;on<\/span><span style=\"font-weight: 400;\"> ve, ni per qu\u00e8 est\u00e0 all\u00e0.<\/span><\/p>\n<p><span style=\"font-weight: 400;\">Els metges li diuen que t\u00e9 amn\u00e8sia.<\/span><\/p>\n<p>Sembla molt estrany que hi hagi dos policies a la porta de la seva habitaci\u00f3 a l&#8217;hospital i que els metges li diuen que \u00e9s molt jove i que t\u00e9 tota la cara amb operacions facials.<\/p>\n<p><span style=\"font-weight: 400;\">Els policies l&#8217;interroguen<\/span><span style=\"font-weight: 400;\">\u00a0 per\u00f2 ell no sap qu\u00e8 respondre, els policies li diuen que va tenir un accident de cotxe i que dintre del cotxe hi havia tres persones m\u00e9s, de les quals ell tampoc s\u2019enrecorda.<\/span><\/p>\n<p><span style=\"font-weight: 400;\">L&#8217; Enric intentar\u00e0 esbrinar per qu\u00e8 es all\u00e0, qui \u00e9s la seva fam\u00edlia i qu\u00e8 hi feia dins d&#8217;aquell cotxe amb aquelles persones.\u00a0<\/span><\/p>\n<p>&nbsp;<\/p>\n","protected":false},"excerpt":{"rendered":"<p>L&#8217;Enric \u00e9s un noi que es desperta en un hospital amb el cos tot magullat, \u00a0sense enrecordar-se de res, ni de qui s\u00f3n els seus pares, ni d&#8217;on ve, ni per qu\u00e8 est\u00e0 all\u00e0. Els metges li diuen que t\u00e9 amn\u00e8sia. Sembla molt estrany que hi hagi dos policies a la porta de la seva &hellip; <\/p>\n<p class=\"link-more\"><a href=\"https:\/\/www.revista-insaiguaviva.org\/curs2017-2018\/2018\/04\/24\/noel-et-busca\/\" class=\"more-link\">Continua llegint <span class=\"screen-reader-text\">\u00abNoel et busca\u00bb<\/span><\/a><\/p>\n","protected":false},"author":1,"featured_media":0,"comment_status":"open","ping_status":"open","sticky":false,"template":"","format":"standard","meta":{"footnotes":""},"categories":[95],"tags":[],"class_list":["post-759","post","type-post","status-publish","format-standard","hentry","category-noel-et-busca"],"_links":{"self":[{"href":"https:\/\/www.revista-insaiguaviva.org\/curs2017-2018\/wp-json\/wp\/v2\/posts\/759","targetHints":{"allow":["GET"]}}],"collection":[{"href":"https:\/\/www.revista-insaiguaviva.org\/curs2017-2018\/wp-json\/wp\/v2\/posts"}],"about":[{"href":"https:\/\/www.revista-insaiguaviva.org\/curs2017-2018\/wp-json\/wp\/v2\/types\/post"}],"author":[{"embeddable":true,"href":"https:\/\/www.revista-insaiguaviva.org\/curs2017-2018\/wp-json\/wp\/v2\/users\/1"}],"replies":[{"embeddable":true,"href":"https:\/\/www.revista-insaiguaviva.org\/curs2017-2018\/wp-json\/wp\/v2\/comments?post=759"}],"version-history":[{"count":4,"href":"https:\/\/www.revista-insaiguaviva.org\/curs2017-2018\/wp-json\/wp\/v2\/posts\/759\/revisions"}],"predecessor-version":[{"id":847,"href":"https:\/\/www.revista-insaiguaviva.org\/curs2017-2018\/wp-json\/wp\/v2\/posts\/759\/revisions\/847"}],"wp:attachment":[{"href":"https:\/\/www.revista-insaiguaviva.org\/curs2017-2018\/wp-json\/wp\/v2\/media?parent=759"}],"wp:term":[{"taxonomy":"category","embeddable":true,"href":"https:\/\/www.revista-insaiguaviva.org\/curs2017-2018\/wp-json\/wp\/v2\/categories?post=759"},{"taxonomy":"post_tag","embeddable":true,"href":"https:\/\/www.revista-insaiguaviva.org\/curs2017-2018\/wp-json\/wp\/v2\/tags?post=759"}],"curies":[{"name":"wp","href":"https:\/\/api.w.org\/{rel}","templated":true}]}}