{"id":783,"date":"2018-04-25T21:49:31","date_gmt":"2018-04-25T19:49:31","guid":{"rendered":"https:\/\/www.revista-insaiguaviva.org\/curs2017-2018\/?p=783"},"modified":"2018-04-27T13:57:22","modified_gmt":"2018-04-27T11:57:22","slug":"sant-jordi-2018","status":"publish","type":"post","link":"https:\/\/www.revista-insaiguaviva.org\/curs2017-2018\/2018\/04\/25\/sant-jordi-2018\/","title":{"rendered":"Sant Jordi &#8211; 2018"},"content":{"rendered":"<p>El passat dilluns, 23 d&#8217;abril, vam celebrar la diada de Sant Jordi. A partir de les 13,05 hores es van lliurar els premis dels diferents concursos. Volem agrair a tots la nombrosa participaci\u00f3 i el bon nivell dels participants (ens hauria agradat poder donar premis a tots!) Agrair tamb\u00e9 l&#8217;aflu\u00e8ncia de p\u00fablic a l&#8217;acte, als professors i professores que van lliurar els premis, la representaci\u00f3 de pares i mares i sobretot:<\/p>\n<ul>\n<li>Als presentadors de l&#8217;acte: Gerard Fortu\u00f1o, Manar Al Yaznasni i Adriana Untila;<\/li>\n<li>Al t\u00e8cnic de so: Gorka Adan;<\/li>\n<li>Als assistents de sala: Albert Saludes i Ona tres;<\/li>\n<li>A la Luc\u00eda Nicol\u00e1s, per tocar el violoncel amb virtuosisme sense haver pogut assajar;<\/li>\n<li>Als nois i noies de 3r B que van defensar un roman\u00e7 de l&#8217;Edat Mitjana com si fos la can\u00e7\u00f3 del moment;<\/li>\n<li>Al grup de teatre de 2n d&#8217;ESO d&#8217;on surtiran, sens dubte, grans estrelles del cinema, el teatre i la televisi\u00f3;<\/li>\n<li>A l&#8217;Ana Maria Capit\u00e1n i la Laia G\u00f3mez per ajudar-nos a con\u00e8ixer una mica millor a Pompeu Fabra;<\/li>\n<li>I a la Carla D\u00edaz, acompanyada al piano per la Isamar P\u00e9rez, que ens va emocionar a tots.<\/li>\n<\/ul>\n<p>L&#8217;any que ve, m\u00e9s.<\/p>\n<p>Podeu veure algunes fotografies clicant <a href=\"https:\/\/photos.app.goo.gl\/Ef90QEMYqYqzBj5h2\" target=\"_blank\" rel=\"noopener\">aqu\u00ed.<\/a><\/p>\n<p><img loading=\"lazy\" decoding=\"async\" class=\"alignnone size-medium wp-image-787 aligncenter\" src=\"https:\/\/www.revista-insaiguaviva.org\/curs2017-2018\/wp-content\/uploads\/2018\/04\/IMG_20180423_131650_149-300x225.jpg\" alt=\"\" width=\"300\" height=\"225\" srcset=\"https:\/\/www.revista-insaiguaviva.org\/curs2017-2018\/wp-content\/uploads\/2018\/04\/IMG_20180423_131650_149-300x225.jpg 300w, https:\/\/www.revista-insaiguaviva.org\/curs2017-2018\/wp-content\/uploads\/2018\/04\/IMG_20180423_131650_149-768x576.jpg 768w, https:\/\/www.revista-insaiguaviva.org\/curs2017-2018\/wp-content\/uploads\/2018\/04\/IMG_20180423_131650_149-1024x768.jpg 1024w\" sizes=\"auto, (max-width: 300px) 100vw, 300px\" \/><\/p>\n<p>&nbsp;<\/p>\n","protected":false},"excerpt":{"rendered":"<p>El passat dilluns, 23 d&#8217;abril, vam celebrar la diada de Sant Jordi. A partir de les 13,05 hores es van lliurar els premis dels diferents concursos. Volem agrair a tots la nombrosa participaci\u00f3 i el bon nivell dels participants (ens hauria agradat poder donar premis a tots!) Agrair tamb\u00e9 l&#8217;aflu\u00e8ncia de p\u00fablic a l&#8217;acte, als &hellip; <\/p>\n<p class=\"link-more\"><a href=\"https:\/\/www.revista-insaiguaviva.org\/curs2017-2018\/2018\/04\/25\/sant-jordi-2018\/\" class=\"more-link\">Continua llegint <span class=\"screen-reader-text\">\u00abSant Jordi &#8211; 2018\u00bb<\/span><\/a><\/p>\n","protected":false},"author":2,"featured_media":0,"comment_status":"open","ping_status":"open","sticky":false,"template":"","format":"standard","meta":{"footnotes":""},"categories":[106],"tags":[],"class_list":["post-783","post","type-post","status-publish","format-standard","hentry","category-sant-jordi-2018"],"_links":{"self":[{"href":"https:\/\/www.revista-insaiguaviva.org\/curs2017-2018\/wp-json\/wp\/v2\/posts\/783","targetHints":{"allow":["GET"]}}],"collection":[{"href":"https:\/\/www.revista-insaiguaviva.org\/curs2017-2018\/wp-json\/wp\/v2\/posts"}],"about":[{"href":"https:\/\/www.revista-insaiguaviva.org\/curs2017-2018\/wp-json\/wp\/v2\/types\/post"}],"author":[{"embeddable":true,"href":"https:\/\/www.revista-insaiguaviva.org\/curs2017-2018\/wp-json\/wp\/v2\/users\/2"}],"replies":[{"embeddable":true,"href":"https:\/\/www.revista-insaiguaviva.org\/curs2017-2018\/wp-json\/wp\/v2\/comments?post=783"}],"version-history":[{"count":7,"href":"https:\/\/www.revista-insaiguaviva.org\/curs2017-2018\/wp-json\/wp\/v2\/posts\/783\/revisions"}],"predecessor-version":[{"id":815,"href":"https:\/\/www.revista-insaiguaviva.org\/curs2017-2018\/wp-json\/wp\/v2\/posts\/783\/revisions\/815"}],"wp:attachment":[{"href":"https:\/\/www.revista-insaiguaviva.org\/curs2017-2018\/wp-json\/wp\/v2\/media?parent=783"}],"wp:term":[{"taxonomy":"category","embeddable":true,"href":"https:\/\/www.revista-insaiguaviva.org\/curs2017-2018\/wp-json\/wp\/v2\/categories?post=783"},{"taxonomy":"post_tag","embeddable":true,"href":"https:\/\/www.revista-insaiguaviva.org\/curs2017-2018\/wp-json\/wp\/v2\/tags?post=783"}],"curies":[{"name":"wp","href":"https:\/\/api.w.org\/{rel}","templated":true}]}}