{"id":820,"date":"2018-05-02T22:19:55","date_gmt":"2018-05-02T20:19:55","guid":{"rendered":"https:\/\/www.revista-insaiguaviva.org\/curs2017-2018\/?p=820"},"modified":"2018-05-22T09:24:41","modified_gmt":"2018-05-22T07:24:41","slug":"820","status":"publish","type":"post","link":"https:\/\/www.revista-insaiguaviva.org\/curs2017-2018\/2018\/05\/02\/820\/","title":{"rendered":"Acte de cloenda del Servei comunitari: Abans que m&#8217;oblidi"},"content":{"rendered":"<p>El passat dimecres, dia 25 d&#8217;abril, va tenir lloc l&#8217;acte de cloenda del Servei Comunitari\u00a0<b>Abans que m&#8217;oblidi.\u00a0<\/b>Catorze alumnes de 3r d\u00b4ESO han realitzat un projecte amb els avis de Mollet. En les diverses trobades, \u00a0a partir de la mem\u00f2ria oral, \u00a0han recollit informaci\u00f3 per realitzar una biografia dels avis i \u00e0vies amb qui han compartit estones d&#8217;an\u00e8cdotes i records llunyans. Ha estat una experi\u00e8ncia molt enriquidora tant pels joves com pels avis i \u00e0vies. Els alumnes tamb\u00e9 han obsequiat a les seves parelles amb un punt de llibre personalitzat. M\u00e9s detalls a l&#8217;<a href=\"https:\/\/photos.app.goo.gl\/MEzhb6Tcc3BVzv1g8\" target=\"_blank\" rel=\"noopener\">album de fotos.<\/a><\/p>\n<p><img loading=\"lazy\" decoding=\"async\" class=\"alignnone size-medium wp-image-823 aligncenter\" src=\"https:\/\/www.revista-insaiguaviva.org\/curs2017-2018\/wp-content\/uploads\/2018\/05\/180425_Aiguaviva_Acte_de_cloenda-53-300x200.jpg\" alt=\"\" width=\"300\" height=\"200\" srcset=\"https:\/\/www.revista-insaiguaviva.org\/curs2017-2018\/wp-content\/uploads\/2018\/05\/180425_Aiguaviva_Acte_de_cloenda-53-300x200.jpg 300w, https:\/\/www.revista-insaiguaviva.org\/curs2017-2018\/wp-content\/uploads\/2018\/05\/180425_Aiguaviva_Acte_de_cloenda-53-768x511.jpg 768w, https:\/\/www.revista-insaiguaviva.org\/curs2017-2018\/wp-content\/uploads\/2018\/05\/180425_Aiguaviva_Acte_de_cloenda-53-1024x682.jpg 1024w\" sizes=\"auto, (max-width: 300px) 100vw, 300px\" \/><\/p>\n<p style=\"text-align: center;\"><iframe loading=\"lazy\" src=\"https:\/\/www.youtube.com\/embed\/Zdk0wJh1_dM\" width=\"420\" height=\"300\" frameborder=\"0\" allowfullscreen=\"allowfullscreen\"><span data-mce-type=\"bookmark\" style=\"display: inline-block; width: 0px; overflow: hidden; line-height: 0;\" class=\"mce_SELRES_start\">\ufeff<\/span><\/iframe><\/p>\n","protected":false},"excerpt":{"rendered":"<p>El passat dimecres, dia 25 d&#8217;abril, va tenir lloc l&#8217;acte de cloenda del Servei Comunitari\u00a0Abans que m&#8217;oblidi.\u00a0Catorze alumnes de 3r d\u00b4ESO han realitzat un projecte amb els avis de Mollet. En les diverses trobades, \u00a0a partir de la mem\u00f2ria oral, \u00a0han recollit informaci\u00f3 per realitzar una biografia dels avis i \u00e0vies amb qui han compartit &hellip; <\/p>\n<p class=\"link-more\"><a href=\"https:\/\/www.revista-insaiguaviva.org\/curs2017-2018\/2018\/05\/02\/820\/\" class=\"more-link\">Continua llegint <span class=\"screen-reader-text\">\u00abActe de cloenda del Servei comunitari: Abans que m&#8217;oblidi\u00bb<\/span><\/a><\/p>\n","protected":false},"author":2,"featured_media":0,"comment_status":"open","ping_status":"open","sticky":false,"template":"","format":"standard","meta":{"footnotes":""},"categories":[108],"tags":[],"class_list":["post-820","post","type-post","status-publish","format-standard","hentry","category-servei-comunitari-abans-que-moblidi"],"_links":{"self":[{"href":"https:\/\/www.revista-insaiguaviva.org\/curs2017-2018\/wp-json\/wp\/v2\/posts\/820","targetHints":{"allow":["GET"]}}],"collection":[{"href":"https:\/\/www.revista-insaiguaviva.org\/curs2017-2018\/wp-json\/wp\/v2\/posts"}],"about":[{"href":"https:\/\/www.revista-insaiguaviva.org\/curs2017-2018\/wp-json\/wp\/v2\/types\/post"}],"author":[{"embeddable":true,"href":"https:\/\/www.revista-insaiguaviva.org\/curs2017-2018\/wp-json\/wp\/v2\/users\/2"}],"replies":[{"embeddable":true,"href":"https:\/\/www.revista-insaiguaviva.org\/curs2017-2018\/wp-json\/wp\/v2\/comments?post=820"}],"version-history":[{"count":9,"href":"https:\/\/www.revista-insaiguaviva.org\/curs2017-2018\/wp-json\/wp\/v2\/posts\/820\/revisions"}],"predecessor-version":[{"id":899,"href":"https:\/\/www.revista-insaiguaviva.org\/curs2017-2018\/wp-json\/wp\/v2\/posts\/820\/revisions\/899"}],"wp:attachment":[{"href":"https:\/\/www.revista-insaiguaviva.org\/curs2017-2018\/wp-json\/wp\/v2\/media?parent=820"}],"wp:term":[{"taxonomy":"category","embeddable":true,"href":"https:\/\/www.revista-insaiguaviva.org\/curs2017-2018\/wp-json\/wp\/v2\/categories?post=820"},{"taxonomy":"post_tag","embeddable":true,"href":"https:\/\/www.revista-insaiguaviva.org\/curs2017-2018\/wp-json\/wp\/v2\/tags?post=820"}],"curies":[{"name":"wp","href":"https:\/\/api.w.org\/{rel}","templated":true}]}}