{"id":1061,"date":"2019-06-24T21:32:07","date_gmt":"2019-06-24T19:32:07","guid":{"rendered":"https:\/\/www.revista-insaiguaviva.org\/curs2018-2019\/?p=1061"},"modified":"2019-06-24T21:32:53","modified_gmt":"2019-06-24T19:32:53","slug":"sortida-a-montgat-dels-alumnes-de-3r-deso","status":"publish","type":"post","link":"https:\/\/www.revista-insaiguaviva.org\/curs2018-2019\/2019\/06\/24\/sortida-a-montgat-dels-alumnes-de-3r-deso\/","title":{"rendered":"Sortida a Montgat dels alumnes de 3r d&#8217;ESO"},"content":{"rendered":"<p>Els alumnes de 3r curs d&#8217;ESO van anar a\u00a0 Montgat, el passat dijous, dia 20 de juny, per realitzar activitats aqu\u00e0tiques relacionades amb el mar i la vela. Aquesta sortida s&#8217;inclou dins del cr\u00e8dit de s\u00edntesi sobre el Mediterrani.<\/p>\n<p><img loading=\"lazy\" decoding=\"async\" class=\"aligncenter wp-image-1062 size-large\" src=\"https:\/\/www.revista-insaiguaviva.org\/curs2018-2019\/wp-content\/uploads\/2019\/06\/IMG-20190620-WA0014-1024x768.jpg\" alt=\"\" width=\"525\" height=\"394\" srcset=\"https:\/\/www.revista-insaiguaviva.org\/curs2018-2019\/wp-content\/uploads\/2019\/06\/IMG-20190620-WA0014-1024x768.jpg 1024w, https:\/\/www.revista-insaiguaviva.org\/curs2018-2019\/wp-content\/uploads\/2019\/06\/IMG-20190620-WA0014-300x225.jpg 300w, https:\/\/www.revista-insaiguaviva.org\/curs2018-2019\/wp-content\/uploads\/2019\/06\/IMG-20190620-WA0014-768x576.jpg 768w, https:\/\/www.revista-insaiguaviva.org\/curs2018-2019\/wp-content\/uploads\/2019\/06\/IMG-20190620-WA0014.jpg 1600w\" sizes=\"auto, (max-width: 525px) 100vw, 525px\" \/><\/p>\n<p>Podeu veure algunes fotografies d&#8217;aquesta sortida clicant <a href=\"https:\/\/photos.app.goo.gl\/F6E76vfFpzLUL1P4A\" target=\"_blank\" rel=\"noopener\">aqu\u00ed.\u00a0<\/a><\/p>\n","protected":false},"excerpt":{"rendered":"<p>Els alumnes de 3r curs d&#8217;ESO van anar a\u00a0 Montgat, el passat dijous, dia 20 de juny, per realitzar activitats aqu\u00e0tiques relacionades amb el mar i la vela. Aquesta sortida s&#8217;inclou dins del cr\u00e8dit de s\u00edntesi sobre el Mediterrani. Podeu veure algunes fotografies d&#8217;aquesta sortida clicant aqu\u00ed.\u00a0<\/p>\n","protected":false},"author":2,"featured_media":0,"comment_status":"open","ping_status":"open","sticky":false,"template":"","format":"standard","meta":{"footnotes":""},"categories":[134],"tags":[],"class_list":["post-1061","post","type-post","status-publish","format-standard","hentry","category-montgat-3-eso"],"_links":{"self":[{"href":"https:\/\/www.revista-insaiguaviva.org\/curs2018-2019\/wp-json\/wp\/v2\/posts\/1061","targetHints":{"allow":["GET"]}}],"collection":[{"href":"https:\/\/www.revista-insaiguaviva.org\/curs2018-2019\/wp-json\/wp\/v2\/posts"}],"about":[{"href":"https:\/\/www.revista-insaiguaviva.org\/curs2018-2019\/wp-json\/wp\/v2\/types\/post"}],"author":[{"embeddable":true,"href":"https:\/\/www.revista-insaiguaviva.org\/curs2018-2019\/wp-json\/wp\/v2\/users\/2"}],"replies":[{"embeddable":true,"href":"https:\/\/www.revista-insaiguaviva.org\/curs2018-2019\/wp-json\/wp\/v2\/comments?post=1061"}],"version-history":[{"count":2,"href":"https:\/\/www.revista-insaiguaviva.org\/curs2018-2019\/wp-json\/wp\/v2\/posts\/1061\/revisions"}],"predecessor-version":[{"id":1064,"href":"https:\/\/www.revista-insaiguaviva.org\/curs2018-2019\/wp-json\/wp\/v2\/posts\/1061\/revisions\/1064"}],"wp:attachment":[{"href":"https:\/\/www.revista-insaiguaviva.org\/curs2018-2019\/wp-json\/wp\/v2\/media?parent=1061"}],"wp:term":[{"taxonomy":"category","embeddable":true,"href":"https:\/\/www.revista-insaiguaviva.org\/curs2018-2019\/wp-json\/wp\/v2\/categories?post=1061"},{"taxonomy":"post_tag","embeddable":true,"href":"https:\/\/www.revista-insaiguaviva.org\/curs2018-2019\/wp-json\/wp\/v2\/tags?post=1061"}],"curies":[{"name":"wp","href":"https:\/\/api.w.org\/{rel}","templated":true}]}}