{"id":1067,"date":"2019-06-24T21:59:46","date_gmt":"2019-06-24T19:59:46","guid":{"rendered":"https:\/\/www.revista-insaiguaviva.org\/curs2018-2019\/?p=1067"},"modified":"2019-06-24T21:59:46","modified_gmt":"2019-06-24T19:59:46","slug":"activitats-extraescolars-organitzades-per-lampa","status":"publish","type":"post","link":"https:\/\/www.revista-insaiguaviva.org\/curs2018-2019\/2019\/06\/24\/activitats-extraescolars-organitzades-per-lampa\/","title":{"rendered":"Activitats extraescolars organitzades per l&#8217;AMPA"},"content":{"rendered":"<p>Els dies 13 i 14 de juny l&#8217;AMPA va organitzar uns tallers d&#8217;estraescolars per als alumnes de 1r, 2n i 3r d&#8217;ESO. Es tractava de fer un petit tastet per con\u00e8ixer les prefer\u00e8ncies dels alumnes de cara al proper curs. Va haver-hi diversos tallers: c\u00f2mic, cant, fitness, ping-pong&#8230;<\/p>\n<p><img loading=\"lazy\" decoding=\"async\" class=\"aligncenter wp-image-1068 size-large\" src=\"https:\/\/www.revista-insaiguaviva.org\/curs2018-2019\/wp-content\/uploads\/2019\/06\/IMG-20190614-WA0012-1024x768.jpg\" alt=\"\" width=\"525\" height=\"394\" srcset=\"https:\/\/www.revista-insaiguaviva.org\/curs2018-2019\/wp-content\/uploads\/2019\/06\/IMG-20190614-WA0012.jpg 1024w, https:\/\/www.revista-insaiguaviva.org\/curs2018-2019\/wp-content\/uploads\/2019\/06\/IMG-20190614-WA0012-300x225.jpg 300w, https:\/\/www.revista-insaiguaviva.org\/curs2018-2019\/wp-content\/uploads\/2019\/06\/IMG-20190614-WA0012-768x576.jpg 768w\" sizes=\"auto, (max-width: 525px) 100vw, 525px\" \/><\/p>\n<p>Mireu algunes fotos que es van fer clicant <a href=\"https:\/\/photos.app.goo.gl\/x6LmF3Tnu8qjpgsD6\" target=\"_blank\" rel=\"noopener\">aqu\u00ed.\u00a0<\/a><\/p>\n","protected":false},"excerpt":{"rendered":"<p>Els dies 13 i 14 de juny l&#8217;AMPA va organitzar uns tallers d&#8217;estraescolars per als alumnes de 1r, 2n i 3r d&#8217;ESO. Es tractava de fer un petit tastet per con\u00e8ixer les prefer\u00e8ncies dels alumnes de cara al proper curs. Va haver-hi diversos tallers: c\u00f2mic, cant, fitness, ping-pong&#8230; Mireu algunes fotos que es van fer &hellip; <\/p>\n<p class=\"link-more\"><a href=\"https:\/\/www.revista-insaiguaviva.org\/curs2018-2019\/2019\/06\/24\/activitats-extraescolars-organitzades-per-lampa\/\" class=\"more-link\">Continua llegint <span class=\"screen-reader-text\">\u00abActivitats extraescolars organitzades per l&#8217;AMPA\u00bb<\/span><\/a><\/p>\n","protected":false},"author":2,"featured_media":0,"comment_status":"open","ping_status":"open","sticky":false,"template":"","format":"standard","meta":{"footnotes":""},"categories":[135],"tags":[],"class_list":["post-1067","post","type-post","status-publish","format-standard","hentry","category-activitats-extraescolars-ampa"],"_links":{"self":[{"href":"https:\/\/www.revista-insaiguaviva.org\/curs2018-2019\/wp-json\/wp\/v2\/posts\/1067","targetHints":{"allow":["GET"]}}],"collection":[{"href":"https:\/\/www.revista-insaiguaviva.org\/curs2018-2019\/wp-json\/wp\/v2\/posts"}],"about":[{"href":"https:\/\/www.revista-insaiguaviva.org\/curs2018-2019\/wp-json\/wp\/v2\/types\/post"}],"author":[{"embeddable":true,"href":"https:\/\/www.revista-insaiguaviva.org\/curs2018-2019\/wp-json\/wp\/v2\/users\/2"}],"replies":[{"embeddable":true,"href":"https:\/\/www.revista-insaiguaviva.org\/curs2018-2019\/wp-json\/wp\/v2\/comments?post=1067"}],"version-history":[{"count":1,"href":"https:\/\/www.revista-insaiguaviva.org\/curs2018-2019\/wp-json\/wp\/v2\/posts\/1067\/revisions"}],"predecessor-version":[{"id":1069,"href":"https:\/\/www.revista-insaiguaviva.org\/curs2018-2019\/wp-json\/wp\/v2\/posts\/1067\/revisions\/1069"}],"wp:attachment":[{"href":"https:\/\/www.revista-insaiguaviva.org\/curs2018-2019\/wp-json\/wp\/v2\/media?parent=1067"}],"wp:term":[{"taxonomy":"category","embeddable":true,"href":"https:\/\/www.revista-insaiguaviva.org\/curs2018-2019\/wp-json\/wp\/v2\/categories?post=1067"},{"taxonomy":"post_tag","embeddable":true,"href":"https:\/\/www.revista-insaiguaviva.org\/curs2018-2019\/wp-json\/wp\/v2\/tags?post=1067"}],"curies":[{"name":"wp","href":"https:\/\/api.w.org\/{rel}","templated":true}]}}