{"id":1071,"date":"2019-06-25T09:44:11","date_gmt":"2019-06-25T07:44:11","guid":{"rendered":"https:\/\/www.revista-insaiguaviva.org\/curs2018-2019\/?p=1071"},"modified":"2019-06-25T09:44:11","modified_gmt":"2019-06-25T07:44:11","slug":"servei-comunitari-nutricio","status":"publish","type":"post","link":"https:\/\/www.revista-insaiguaviva.org\/curs2018-2019\/2019\/06\/25\/servei-comunitari-nutricio\/","title":{"rendered":"Servei comunitari: Nutrici\u00f3"},"content":{"rendered":"<p>El dia 26 de maig vam participar en una caminada popular a Gallecs, col.laboraci\u00f3 que forma part del servei comunitari de Nutrici\u00f3 del\u00a0 nostre institut. Comen\u00e7ava a les 9 a l\u2019Hospital de Mollet, per\u00f2 ens vam trobar all\u00e0 a les 8 h. del mat\u00ed, i acabava a les 11:30 h., aproximadament. La caminada la va organitzar la Fundaci\u00f3 Sanit\u00e0ria Mollet. Una de les feines va ser enganxar cartells, anunciant aquesta caminada. El dia 26, principalment, vam tallar les carreteres perqu\u00e8 la gent pogu\u00e9s passar tranquil\u00b7lament; m\u00e9s tard, vam esperar a que la gent pass\u00e9s i ens vam quedar darrera. La nostre funci\u00f3 era ajudar a les persones que es feien mal o necessitaven veure aigua. En l\u2019arribar a l\u2019ermita vam fer una parada i ens van donar un ampolla d\u2019aigua i un tros de fruita. Despr\u00e9s vam continuar caminant i quan vam arribar al final ens van donar una bossa amb coses dintre.<\/p>\n<p>Georgina, Sara i Cl\u00e0udia<\/p>\n<p><img loading=\"lazy\" decoding=\"async\" class=\"aligncenter wp-image-1072 size-large\" src=\"https:\/\/www.revista-insaiguaviva.org\/curs2018-2019\/wp-content\/uploads\/2019\/06\/nutrici\u00f3-1-1024x769.png\" alt=\"\" width=\"525\" height=\"394\" srcset=\"https:\/\/www.revista-insaiguaviva.org\/curs2018-2019\/wp-content\/uploads\/2019\/06\/nutrici\u00f3-1-1024x769.png 1024w, https:\/\/www.revista-insaiguaviva.org\/curs2018-2019\/wp-content\/uploads\/2019\/06\/nutrici\u00f3-1-300x225.png 300w, https:\/\/www.revista-insaiguaviva.org\/curs2018-2019\/wp-content\/uploads\/2019\/06\/nutrici\u00f3-1-768x577.png 768w\" sizes=\"auto, (max-width: 525px) 100vw, 525px\" \/><\/p>\n<p><img loading=\"lazy\" decoding=\"async\" class=\"aligncenter wp-image-1073 size-large\" src=\"https:\/\/www.revista-insaiguaviva.org\/curs2018-2019\/wp-content\/uploads\/2019\/06\/nutrici\u00f3-1024x768.png\" alt=\"\" width=\"525\" height=\"394\" srcset=\"https:\/\/www.revista-insaiguaviva.org\/curs2018-2019\/wp-content\/uploads\/2019\/06\/nutrici\u00f3-1024x768.png 1024w, https:\/\/www.revista-insaiguaviva.org\/curs2018-2019\/wp-content\/uploads\/2019\/06\/nutrici\u00f3-300x225.png 300w, https:\/\/www.revista-insaiguaviva.org\/curs2018-2019\/wp-content\/uploads\/2019\/06\/nutrici\u00f3-768x576.png 768w\" sizes=\"auto, (max-width: 525px) 100vw, 525px\" \/><\/p>\n","protected":false},"excerpt":{"rendered":"<p>El dia 26 de maig vam participar en una caminada popular a Gallecs, col.laboraci\u00f3 que forma part del servei comunitari de Nutrici\u00f3 del\u00a0 nostre institut. Comen\u00e7ava a les 9 a l\u2019Hospital de Mollet, per\u00f2 ens vam trobar all\u00e0 a les 8 h. del mat\u00ed, i acabava a les 11:30 h., aproximadament. La caminada la va &hellip; <\/p>\n<p class=\"link-more\"><a href=\"https:\/\/www.revista-insaiguaviva.org\/curs2018-2019\/2019\/06\/25\/servei-comunitari-nutricio\/\" class=\"more-link\">Continua llegint <span class=\"screen-reader-text\">\u00abServei comunitari: Nutrici\u00f3\u00bb<\/span><\/a><\/p>\n","protected":false},"author":2,"featured_media":0,"comment_status":"open","ping_status":"open","sticky":false,"template":"","format":"standard","meta":{"footnotes":""},"categories":[136],"tags":[],"class_list":["post-1071","post","type-post","status-publish","format-standard","hentry","category-servei-comunitari-nutricio"],"_links":{"self":[{"href":"https:\/\/www.revista-insaiguaviva.org\/curs2018-2019\/wp-json\/wp\/v2\/posts\/1071","targetHints":{"allow":["GET"]}}],"collection":[{"href":"https:\/\/www.revista-insaiguaviva.org\/curs2018-2019\/wp-json\/wp\/v2\/posts"}],"about":[{"href":"https:\/\/www.revista-insaiguaviva.org\/curs2018-2019\/wp-json\/wp\/v2\/types\/post"}],"author":[{"embeddable":true,"href":"https:\/\/www.revista-insaiguaviva.org\/curs2018-2019\/wp-json\/wp\/v2\/users\/2"}],"replies":[{"embeddable":true,"href":"https:\/\/www.revista-insaiguaviva.org\/curs2018-2019\/wp-json\/wp\/v2\/comments?post=1071"}],"version-history":[{"count":1,"href":"https:\/\/www.revista-insaiguaviva.org\/curs2018-2019\/wp-json\/wp\/v2\/posts\/1071\/revisions"}],"predecessor-version":[{"id":1074,"href":"https:\/\/www.revista-insaiguaviva.org\/curs2018-2019\/wp-json\/wp\/v2\/posts\/1071\/revisions\/1074"}],"wp:attachment":[{"href":"https:\/\/www.revista-insaiguaviva.org\/curs2018-2019\/wp-json\/wp\/v2\/media?parent=1071"}],"wp:term":[{"taxonomy":"category","embeddable":true,"href":"https:\/\/www.revista-insaiguaviva.org\/curs2018-2019\/wp-json\/wp\/v2\/categories?post=1071"},{"taxonomy":"post_tag","embeddable":true,"href":"https:\/\/www.revista-insaiguaviva.org\/curs2018-2019\/wp-json\/wp\/v2\/tags?post=1071"}],"curies":[{"name":"wp","href":"https:\/\/api.w.org\/{rel}","templated":true}]}}