{"id":191,"date":"2018-09-30T18:13:55","date_gmt":"2018-09-30T16:13:55","guid":{"rendered":"https:\/\/www.revista-insaiguaviva.org\/curs2018-2019\/?p=191"},"modified":"2018-10-05T12:01:42","modified_gmt":"2018-10-05T10:01:42","slug":"el-mejor-verano-de-mi-vida","status":"publish","type":"post","link":"https:\/\/www.revista-insaiguaviva.org\/curs2018-2019\/2018\/09\/30\/el-mejor-verano-de-mi-vida\/","title":{"rendered":"El mejor verano de mi vida"},"content":{"rendered":"<p><em><b>El mejor verano de mi vida<\/b><\/em><\/p>\n<p><span style=\"font-size: 1rem;\">Aquesta pel\u00b7l\u00edcula \u00e9s de l\u2019any 2018, del director Dani De La Orden i els personatges principals s\u00f3n el Leo Harlem, l\u2019Alejandro Serrano, el Toni Acosta, la Maggie Civantos i la Stephanie Gil. Aquesta pel\u00b7l\u00edcula \u00e9s del g\u00e8nere comedia.<\/span><\/p>\n<p><span style=\"font-weight: 400;\"><span style=\"font-size: 1rem;\">Aque<\/span>La pel\u00b7l\u00edcula va d\u2019una fam\u00edlia que de sobte els va molt b\u00e9 econ\u00f2micament i es compren molt\u00edssimes coses fins que un dia ja no poden pagar res i si els va treure tot, el fill estava molt trist i el pare, per animar-lo, li diu que l\u2019any que ve, si treu exalent, tindr\u00e0 les millors vacances de la seva vida. El pare es pensa que no aprovar\u00e1 \u00a0perqu\u00e8 sempre treu males notes, per\u00f2 el fill s&#8217;esfor\u00e7a molt i al final ho aconsegueix.<\/span><\/p>\n<p><img decoding=\"async\" class=\"aligncenter\" src=\"http:\/\/www.superweb.es\/centrolasflotas.es\/datos\/noticias\/160820181946171.jpg\" alt=\"Imatge relacionada\" \/><\/p>\n","protected":false},"excerpt":{"rendered":"<p>El mejor verano de mi vida Aquesta pel\u00b7l\u00edcula \u00e9s de l\u2019any 2018, del director Dani De La Orden i els personatges principals s\u00f3n el Leo Harlem, l\u2019Alejandro Serrano, el Toni Acosta, la Maggie Civantos i la Stephanie Gil. Aquesta pel\u00b7l\u00edcula \u00e9s del g\u00e8nere comedia. AqueLa pel\u00b7l\u00edcula va d\u2019una fam\u00edlia que de sobte els va molt &hellip; <\/p>\n<p class=\"link-more\"><a href=\"https:\/\/www.revista-insaiguaviva.org\/curs2018-2019\/2018\/09\/30\/el-mejor-verano-de-mi-vida\/\" class=\"more-link\">Continua llegint <span class=\"screen-reader-text\">\u00abEl mejor verano de mi vida\u00bb<\/span><\/a><\/p>\n","protected":false},"author":3,"featured_media":0,"comment_status":"open","ping_status":"open","sticky":false,"template":"","format":"standard","meta":{"footnotes":""},"categories":[15],"tags":[],"class_list":["post-191","post","type-post","status-publish","format-standard","hentry","category-el-mejor-verano-de-mi-vida"],"_links":{"self":[{"href":"https:\/\/www.revista-insaiguaviva.org\/curs2018-2019\/wp-json\/wp\/v2\/posts\/191","targetHints":{"allow":["GET"]}}],"collection":[{"href":"https:\/\/www.revista-insaiguaviva.org\/curs2018-2019\/wp-json\/wp\/v2\/posts"}],"about":[{"href":"https:\/\/www.revista-insaiguaviva.org\/curs2018-2019\/wp-json\/wp\/v2\/types\/post"}],"author":[{"embeddable":true,"href":"https:\/\/www.revista-insaiguaviva.org\/curs2018-2019\/wp-json\/wp\/v2\/users\/3"}],"replies":[{"embeddable":true,"href":"https:\/\/www.revista-insaiguaviva.org\/curs2018-2019\/wp-json\/wp\/v2\/comments?post=191"}],"version-history":[{"count":3,"href":"https:\/\/www.revista-insaiguaviva.org\/curs2018-2019\/wp-json\/wp\/v2\/posts\/191\/revisions"}],"predecessor-version":[{"id":208,"href":"https:\/\/www.revista-insaiguaviva.org\/curs2018-2019\/wp-json\/wp\/v2\/posts\/191\/revisions\/208"}],"wp:attachment":[{"href":"https:\/\/www.revista-insaiguaviva.org\/curs2018-2019\/wp-json\/wp\/v2\/media?parent=191"}],"wp:term":[{"taxonomy":"category","embeddable":true,"href":"https:\/\/www.revista-insaiguaviva.org\/curs2018-2019\/wp-json\/wp\/v2\/categories?post=191"},{"taxonomy":"post_tag","embeddable":true,"href":"https:\/\/www.revista-insaiguaviva.org\/curs2018-2019\/wp-json\/wp\/v2\/tags?post=191"}],"curies":[{"name":"wp","href":"https:\/\/api.w.org\/{rel}","templated":true}]}}