{"id":269,"date":"2018-10-18T19:05:14","date_gmt":"2018-10-18T17:05:14","guid":{"rendered":"https:\/\/www.revista-insaiguaviva.org\/curs2018-2019\/?p=269"},"modified":"2018-10-18T19:05:14","modified_gmt":"2018-10-18T17:05:14","slug":"volveras-a-brillar","status":"publish","type":"post","link":"https:\/\/www.revista-insaiguaviva.org\/curs2018-2019\/2018\/10\/18\/volveras-a-brillar\/","title":{"rendered":"Volver\u00e1s a brillar"},"content":{"rendered":"<p><b><i>M\u00daSICA<\/i><\/b><\/p>\n<p>La can\u00e7\u00f3 <i>Volver\u00e1s a brillar \u00e9s <\/i>d\u2019una serie que es diu <i>FNAFHS<\/i>.\u00a0<span style=\"display: inline !important; float: none; background-color: transparent; color: #333333; cursor: text; font-family: 'Libre Franklin','Helvetica Neue',helvetica,arial,sans-serif; font-size: 16px; font-style: normal; font-variant: normal; font-weight: 400; letter-spacing: normal; orphans: 2; text-align: left; text-decoration: none; text-indent: 0px; text-transform: none; -webkit-text-stroke-width: 0px; white-space: normal; word-spacing: 0px;\">L\u2019any en ser treta la can\u00e7\u00f3, va ser en 2016<\/span><\/p>\n<p>Aquesta can\u00e7\u00f3 va ser composta per <i>Edoochan<\/i>, que tamb\u00e9 \u00e9s la creadora de la s\u00e8rie. Els cantants s\u00f3n <i>Lucy Chan<\/i> y <i>DualkeyX<\/i>.\u00a0 Dualkey va n\u00e9ixer el 21 d\u2019abril i Lucy Chan el &#8230;&#8230;&#8230;&#8230;. Han fet m\u00e9s can\u00e7ons, tant junts com separats.<\/p>\n<p>Tamb\u00e9 han actuat (en la s\u00e8rie) amb<\/p>\n<p>&nbsp;<\/p>\n<p>&nbsp;<\/p>\n<p>Es una can\u00e7\u00f3 pop i les seves visites a Youtube han sigut 10.200.261.<\/p>\n<p>La can\u00e7\u00f3 tracta sobre que mai estar\u00e1s sol i que sempre tindr\u00e0s a alg\u00fa perqu\u00e8 t\u2019acompany en els moments dif\u00edcils <i>y <\/i>els agradables.<\/p>\n","protected":false},"excerpt":{"rendered":"<p>M\u00daSICA La can\u00e7\u00f3 Volver\u00e1s a brillar \u00e9s d\u2019una serie que es diu FNAFHS.\u00a0L\u2019any en ser treta la can\u00e7\u00f3, va ser en 2016 Aquesta can\u00e7\u00f3 va ser composta per Edoochan, que tamb\u00e9 \u00e9s la creadora de la s\u00e8rie. Els cantants s\u00f3n Lucy Chan y DualkeyX.\u00a0 Dualkey va n\u00e9ixer el 21 d\u2019abril i Lucy Chan el &#8230;&#8230;&#8230;&#8230;. &hellip; <\/p>\n<p class=\"link-more\"><a href=\"https:\/\/www.revista-insaiguaviva.org\/curs2018-2019\/2018\/10\/18\/volveras-a-brillar\/\" class=\"more-link\">Continua llegint <span class=\"screen-reader-text\">\u00abVolver\u00e1s a brillar\u00bb<\/span><\/a><\/p>\n","protected":false},"author":1,"featured_media":0,"comment_status":"open","ping_status":"open","sticky":false,"template":"","format":"standard","meta":{"footnotes":""},"categories":[1],"tags":[],"class_list":["post-269","post","type-post","status-publish","format-standard","hentry","category-general"],"_links":{"self":[{"href":"https:\/\/www.revista-insaiguaviva.org\/curs2018-2019\/wp-json\/wp\/v2\/posts\/269","targetHints":{"allow":["GET"]}}],"collection":[{"href":"https:\/\/www.revista-insaiguaviva.org\/curs2018-2019\/wp-json\/wp\/v2\/posts"}],"about":[{"href":"https:\/\/www.revista-insaiguaviva.org\/curs2018-2019\/wp-json\/wp\/v2\/types\/post"}],"author":[{"embeddable":true,"href":"https:\/\/www.revista-insaiguaviva.org\/curs2018-2019\/wp-json\/wp\/v2\/users\/1"}],"replies":[{"embeddable":true,"href":"https:\/\/www.revista-insaiguaviva.org\/curs2018-2019\/wp-json\/wp\/v2\/comments?post=269"}],"version-history":[{"count":2,"href":"https:\/\/www.revista-insaiguaviva.org\/curs2018-2019\/wp-json\/wp\/v2\/posts\/269\/revisions"}],"predecessor-version":[{"id":271,"href":"https:\/\/www.revista-insaiguaviva.org\/curs2018-2019\/wp-json\/wp\/v2\/posts\/269\/revisions\/271"}],"wp:attachment":[{"href":"https:\/\/www.revista-insaiguaviva.org\/curs2018-2019\/wp-json\/wp\/v2\/media?parent=269"}],"wp:term":[{"taxonomy":"category","embeddable":true,"href":"https:\/\/www.revista-insaiguaviva.org\/curs2018-2019\/wp-json\/wp\/v2\/categories?post=269"},{"taxonomy":"post_tag","embeddable":true,"href":"https:\/\/www.revista-insaiguaviva.org\/curs2018-2019\/wp-json\/wp\/v2\/tags?post=269"}],"curies":[{"name":"wp","href":"https:\/\/api.w.org\/{rel}","templated":true}]}}