{"id":347,"date":"2018-11-28T11:42:41","date_gmt":"2018-11-28T09:42:41","guid":{"rendered":"https:\/\/www.revista-insaiguaviva.org\/curs2018-2019\/?p=347"},"modified":"2019-02-25T19:20:45","modified_gmt":"2019-02-25T17:20:45","slug":"esport-a-lescola-can-vila","status":"publish","type":"post","link":"https:\/\/www.revista-insaiguaviva.org\/curs2018-2019\/2018\/11\/28\/esport-a-lescola-can-vila\/","title":{"rendered":"Esport a l&#8217;escola Can Vila"},"content":{"rendered":"<div>El passat 13 de novembre els alumnes de 2n d&#8217;<span id=\"m_-5301021607095202250:xl.55\">ESO<\/span> van participar en el\u00a0 <span id=\"m_-5301021607095202250:xl.56\">XIXa edici\u00f3 del\u00a0<\/span><span id=\"m_-5301021607095202250:xl.57\">Cross<\/span> organitzat per l&#8217;Escola d&#8217;Educaci\u00f3 Especial Can Vila.<\/div>\n<div><\/div>\n<div>Una jornada l\u00fadica i esportiva per gaudir de la natura i l&#8217;esport sense <span id=\"m_-5301021607095202250:xl.58\">competitivitat<\/span>, compartint el lleure amb nois i noies amb capacitats especials.<\/div>\n<div><\/div>\n<div><img loading=\"lazy\" decoding=\"async\" class=\"aligncenter wp-image-348 size-large\" src=\"https:\/\/www.revista-insaiguaviva.org\/curs2018-2019\/wp-content\/uploads\/2018\/11\/IMG_4832-1024x768.jpg\" alt=\"\" width=\"525\" height=\"394\" srcset=\"https:\/\/www.revista-insaiguaviva.org\/curs2018-2019\/wp-content\/uploads\/2018\/11\/IMG_4832-1024x768.jpg 1024w, https:\/\/www.revista-insaiguaviva.org\/curs2018-2019\/wp-content\/uploads\/2018\/11\/IMG_4832-300x225.jpg 300w, https:\/\/www.revista-insaiguaviva.org\/curs2018-2019\/wp-content\/uploads\/2018\/11\/IMG_4832-768x576.jpg 768w\" sizes=\"auto, (max-width: 525px) 100vw, 525px\" \/><\/div>\n<div><\/div>\n<div>Comproveu-ho mirant les fotografies clicant <a href=\"https:\/\/photos.app.goo.gl\/8jQ5PhFnww1aqLmV9\" target=\"_blank\" rel=\"noopener\">aqu\u00ed.\u00a0<\/a><\/div>\n<div><\/div>\n<div>Tamb\u00e9 podeu veure l&#8217;article que la TV Vall\u00e8s Visi\u00f3 va fer sobre la jornada clicant\u00a0<a href=\"http:\/\/www.vallesvisio.cat\/els-alumnes-de-can-vila-viuen-un-dia-diferent-amb-la-xixa-edicio-del-cros\/\" target=\"_blank\" rel=\"noopener\">aqu\u00ed.\u00a0<\/a><\/div>\n","protected":false},"excerpt":{"rendered":"<p>El passat 13 de novembre els alumnes de 2n d&#8217;ESO van participar en el\u00a0 XIXa edici\u00f3 del\u00a0Cross organitzat per l&#8217;Escola d&#8217;Educaci\u00f3 Especial Can Vila. Una jornada l\u00fadica i esportiva per gaudir de la natura i l&#8217;esport sense competitivitat, compartint el lleure amb nois i noies amb capacitats especials. Comproveu-ho mirant les fotografies clicant aqu\u00ed.\u00a0 Tamb\u00e9 &hellip; <\/p>\n<p class=\"link-more\"><a href=\"https:\/\/www.revista-insaiguaviva.org\/curs2018-2019\/2018\/11\/28\/esport-a-lescola-can-vila\/\" class=\"more-link\">Continua llegint <span class=\"screen-reader-text\">\u00abEsport a l&#8217;escola Can Vila\u00bb<\/span><\/a><\/p>\n","protected":false},"author":2,"featured_media":0,"comment_status":"open","ping_status":"open","sticky":false,"template":"","format":"standard","meta":{"footnotes":""},"categories":[53],"tags":[],"class_list":["post-347","post","type-post","status-publish","format-standard","hentry","category-esport-a-can-vila"],"_links":{"self":[{"href":"https:\/\/www.revista-insaiguaviva.org\/curs2018-2019\/wp-json\/wp\/v2\/posts\/347","targetHints":{"allow":["GET"]}}],"collection":[{"href":"https:\/\/www.revista-insaiguaviva.org\/curs2018-2019\/wp-json\/wp\/v2\/posts"}],"about":[{"href":"https:\/\/www.revista-insaiguaviva.org\/curs2018-2019\/wp-json\/wp\/v2\/types\/post"}],"author":[{"embeddable":true,"href":"https:\/\/www.revista-insaiguaviva.org\/curs2018-2019\/wp-json\/wp\/v2\/users\/2"}],"replies":[{"embeddable":true,"href":"https:\/\/www.revista-insaiguaviva.org\/curs2018-2019\/wp-json\/wp\/v2\/comments?post=347"}],"version-history":[{"count":2,"href":"https:\/\/www.revista-insaiguaviva.org\/curs2018-2019\/wp-json\/wp\/v2\/posts\/347\/revisions"}],"predecessor-version":[{"id":559,"href":"https:\/\/www.revista-insaiguaviva.org\/curs2018-2019\/wp-json\/wp\/v2\/posts\/347\/revisions\/559"}],"wp:attachment":[{"href":"https:\/\/www.revista-insaiguaviva.org\/curs2018-2019\/wp-json\/wp\/v2\/media?parent=347"}],"wp:term":[{"taxonomy":"category","embeddable":true,"href":"https:\/\/www.revista-insaiguaviva.org\/curs2018-2019\/wp-json\/wp\/v2\/categories?post=347"},{"taxonomy":"post_tag","embeddable":true,"href":"https:\/\/www.revista-insaiguaviva.org\/curs2018-2019\/wp-json\/wp\/v2\/tags?post=347"}],"curies":[{"name":"wp","href":"https:\/\/api.w.org\/{rel}","templated":true}]}}