{"id":353,"date":"2018-12-07T12:12:25","date_gmt":"2018-12-07T10:12:25","guid":{"rendered":"https:\/\/www.revista-insaiguaviva.org\/curs2018-2019\/?p=353"},"modified":"2018-12-07T12:15:01","modified_gmt":"2018-12-07T10:15:01","slug":"concurs-somos-cientificos-sacanos-de-aqui","status":"publish","type":"post","link":"https:\/\/www.revista-insaiguaviva.org\/curs2018-2019\/2018\/12\/07\/concurs-somos-cientificos-sacanos-de-aqui\/","title":{"rendered":"Concurs &#8220;Somos cient\u00edficos. S\u00e1canos de aqu\u00ed&#8221;"},"content":{"rendered":"<div>\n<div>El passat 15 de novembre, dia de Sant Albert, patr\u00f3 de les ci\u00e8ncies, alguns alumnes de 4t d&#8217;ESO del nostre centre van participar al concurs\u00a0<a href=\"https:\/\/somoscientificos.es\/\" target=\"_blank\" rel=\"noopener\" data-saferedirecturl=\"https:\/\/www.google.com\/url?q=https:\/\/somoscientificos.es\/&amp;source=gmail&amp;ust=1544216870163000&amp;usg=AFQjCNGPTAMh5D-aGBE8AhaLY4YUjZzUWQ\"><em>Somos Cient\u00edficos. S\u00e1canos de aqu\u00ed<\/em><\/a>. El concurs consisteix en con\u00e8ixer a diferents investigadors cient\u00edfics i la seva recerca, en el nostre cas sobre el cervell; elaborar v\u00e0ries preguntes relacionades amb la seva carrera; xatejar amb ells i, despr\u00e9s, votar-los segons diferents criteris.<\/p>\n<p>El retorn per l&#8217;alumnat \u00e9s, a m\u00e9s de tenir contacte amb investigacions que s&#8217;estan duent a terme en l&#8217;actualitat, que ells tamb\u00e9 s\u00f3n objecte de les votacions dels cient\u00edfics qui escullen la millor pregunta i la premien.<\/p><\/div>\n<p>Aquesta vegada han decidit premiar una de les preguntes que va enviar una de les nostres alumnes: la <strong>Paula Carcel\u00e9n<\/strong> de 4t B.<\/p>\n<p><span style=\"font-size: 1rem;\">En aquest\u00a0<\/span><a style=\"font-size: 1rem;\" href=\"https:\/\/cerebrum.somoscientificos.es\/question\/se-puede-implantar-en-el-cerebro-alguna-sustancia-que-evite-la-degeneracion-de-las-celulas-y-por-consiguiente-el\/\" target=\"_blank\" rel=\"noopener\" data-saferedirecturl=\"https:\/\/www.google.com\/url?q=https:\/\/cerebrum.somoscientificos.es\/question\/se-puede-implantar-en-el-cerebro-alguna-sustancia-que-evite-la-degeneracion-de-las-celulas-y-por-consiguiente-el\/&amp;source=gmail&amp;ust=1544216870163000&amp;usg=AFQjCNGMW01qvP73e79kkpxSkqss0UOxeg\">enlla\u00e7<\/a><span style=\"font-size: 1rem;\">\u00a0hi ha una de les preguntes que va fer la Paula sobre el cervell.<\/span><\/p>\n<\/div>\n<p>Enhorabona a la Paula per la feina feta!<\/p>\n","protected":false},"excerpt":{"rendered":"<p>El passat 15 de novembre, dia de Sant Albert, patr\u00f3 de les ci\u00e8ncies, alguns alumnes de 4t d&#8217;ESO del nostre centre van participar al concurs\u00a0Somos Cient\u00edficos. S\u00e1canos de aqu\u00ed. El concurs consisteix en con\u00e8ixer a diferents investigadors cient\u00edfics i la seva recerca, en el nostre cas sobre el cervell; elaborar v\u00e0ries preguntes relacionades amb la &hellip; <\/p>\n<p class=\"link-more\"><a href=\"https:\/\/www.revista-insaiguaviva.org\/curs2018-2019\/2018\/12\/07\/concurs-somos-cientificos-sacanos-de-aqui\/\" class=\"more-link\">Continua llegint <span class=\"screen-reader-text\">\u00abConcurs &#8220;Somos cient\u00edficos. S\u00e1canos de aqu\u00ed&#8221;\u00bb<\/span><\/a><\/p>\n","protected":false},"author":2,"featured_media":0,"comment_status":"open","ping_status":"open","sticky":false,"template":"","format":"standard","meta":{"footnotes":""},"categories":[54],"tags":[],"class_list":["post-353","post","type-post","status-publish","format-standard","hentry","category-concurs-somos-cientificos-sacanos-de-aqui"],"_links":{"self":[{"href":"https:\/\/www.revista-insaiguaviva.org\/curs2018-2019\/wp-json\/wp\/v2\/posts\/353","targetHints":{"allow":["GET"]}}],"collection":[{"href":"https:\/\/www.revista-insaiguaviva.org\/curs2018-2019\/wp-json\/wp\/v2\/posts"}],"about":[{"href":"https:\/\/www.revista-insaiguaviva.org\/curs2018-2019\/wp-json\/wp\/v2\/types\/post"}],"author":[{"embeddable":true,"href":"https:\/\/www.revista-insaiguaviva.org\/curs2018-2019\/wp-json\/wp\/v2\/users\/2"}],"replies":[{"embeddable":true,"href":"https:\/\/www.revista-insaiguaviva.org\/curs2018-2019\/wp-json\/wp\/v2\/comments?post=353"}],"version-history":[{"count":5,"href":"https:\/\/www.revista-insaiguaviva.org\/curs2018-2019\/wp-json\/wp\/v2\/posts\/353\/revisions"}],"predecessor-version":[{"id":358,"href":"https:\/\/www.revista-insaiguaviva.org\/curs2018-2019\/wp-json\/wp\/v2\/posts\/353\/revisions\/358"}],"wp:attachment":[{"href":"https:\/\/www.revista-insaiguaviva.org\/curs2018-2019\/wp-json\/wp\/v2\/media?parent=353"}],"wp:term":[{"taxonomy":"category","embeddable":true,"href":"https:\/\/www.revista-insaiguaviva.org\/curs2018-2019\/wp-json\/wp\/v2\/categories?post=353"},{"taxonomy":"post_tag","embeddable":true,"href":"https:\/\/www.revista-insaiguaviva.org\/curs2018-2019\/wp-json\/wp\/v2\/tags?post=353"}],"curies":[{"name":"wp","href":"https:\/\/api.w.org\/{rel}","templated":true}]}}