{"id":378,"date":"2018-12-17T10:29:16","date_gmt":"2018-12-17T08:29:16","guid":{"rendered":"https:\/\/www.revista-insaiguaviva.org\/curs2018-2019\/?p=378"},"modified":"2019-02-25T19:19:17","modified_gmt":"2019-02-25T17:19:17","slug":"visita-al-museu-de-la-musica","status":"publish","type":"post","link":"https:\/\/www.revista-insaiguaviva.org\/curs2018-2019\/2018\/12\/17\/visita-al-museu-de-la-musica\/","title":{"rendered":"Visita al Museu de la M\u00fasica"},"content":{"rendered":"<p>Els alumnes de 2n curs d&#8217;ESO han realitzat una visita al Museu de la M\u00fasica, els dies 7, 14 i 21 de novembre. Podeu veure algunes fotografies clicant a sobre de l&#8217;enlla\u00e7:<\/p>\n<ul>\n<li><a href=\"https:\/\/photos.app.goo.gl\/FyRQX93q8ZFFMhAZ6\" target=\"_blank\" rel=\"noopener\">2n A ESO<\/a><\/li>\n<li><a href=\"https:\/\/photos.app.goo.gl\/VY2cM7gToUrDWQ4K7\" target=\"_blank\" rel=\"noopener\">2n B ESO<\/a><\/li>\n<li><a href=\"https:\/\/photos.app.goo.gl\/uVGJHsZNotTQ3ZSE6\" target=\"_blank\" rel=\"noopener\">2n C ESO<\/a><\/li>\n<\/ul>\n<p><img loading=\"lazy\" decoding=\"async\" class=\"aligncenter wp-image-380 size-large\" src=\"https:\/\/www.revista-insaiguaviva.org\/curs2018-2019\/wp-content\/uploads\/2018\/12\/IMG_4871-1024x768.jpg\" alt=\"\" width=\"525\" height=\"394\" srcset=\"https:\/\/www.revista-insaiguaviva.org\/curs2018-2019\/wp-content\/uploads\/2018\/12\/IMG_4871-1024x768.jpg 1024w, https:\/\/www.revista-insaiguaviva.org\/curs2018-2019\/wp-content\/uploads\/2018\/12\/IMG_4871-300x225.jpg 300w, https:\/\/www.revista-insaiguaviva.org\/curs2018-2019\/wp-content\/uploads\/2018\/12\/IMG_4871-768x576.jpg 768w\" sizes=\"auto, (max-width: 525px) 100vw, 525px\" \/><\/p>\n<p><img loading=\"lazy\" decoding=\"async\" class=\"aligncenter wp-image-379 size-large\" src=\"https:\/\/www.revista-insaiguaviva.org\/curs2018-2019\/wp-content\/uploads\/2018\/12\/IMG_4951-1024x768.jpg\" alt=\"\" width=\"525\" height=\"394\" srcset=\"https:\/\/www.revista-insaiguaviva.org\/curs2018-2019\/wp-content\/uploads\/2018\/12\/IMG_4951-1024x768.jpg 1024w, https:\/\/www.revista-insaiguaviva.org\/curs2018-2019\/wp-content\/uploads\/2018\/12\/IMG_4951-300x225.jpg 300w, https:\/\/www.revista-insaiguaviva.org\/curs2018-2019\/wp-content\/uploads\/2018\/12\/IMG_4951-768x576.jpg 768w\" sizes=\"auto, (max-width: 525px) 100vw, 525px\" \/><\/p>\n<p>&nbsp;<\/p>\n","protected":false},"excerpt":{"rendered":"<p>Els alumnes de 2n curs d&#8217;ESO han realitzat una visita al Museu de la M\u00fasica, els dies 7, 14 i 21 de novembre. Podeu veure algunes fotografies clicant a sobre de l&#8217;enlla\u00e7: 2n A ESO 2n B ESO 2n C ESO &nbsp;<\/p>\n","protected":false},"author":2,"featured_media":0,"comment_status":"open","ping_status":"open","sticky":false,"template":"","format":"standard","meta":{"footnotes":""},"categories":[57],"tags":[],"class_list":["post-378","post","type-post","status-publish","format-standard","hentry","category-museu-de-la-musica-2-eso"],"_links":{"self":[{"href":"https:\/\/www.revista-insaiguaviva.org\/curs2018-2019\/wp-json\/wp\/v2\/posts\/378","targetHints":{"allow":["GET"]}}],"collection":[{"href":"https:\/\/www.revista-insaiguaviva.org\/curs2018-2019\/wp-json\/wp\/v2\/posts"}],"about":[{"href":"https:\/\/www.revista-insaiguaviva.org\/curs2018-2019\/wp-json\/wp\/v2\/types\/post"}],"author":[{"embeddable":true,"href":"https:\/\/www.revista-insaiguaviva.org\/curs2018-2019\/wp-json\/wp\/v2\/users\/2"}],"replies":[{"embeddable":true,"href":"https:\/\/www.revista-insaiguaviva.org\/curs2018-2019\/wp-json\/wp\/v2\/comments?post=378"}],"version-history":[{"count":3,"href":"https:\/\/www.revista-insaiguaviva.org\/curs2018-2019\/wp-json\/wp\/v2\/posts\/378\/revisions"}],"predecessor-version":[{"id":557,"href":"https:\/\/www.revista-insaiguaviva.org\/curs2018-2019\/wp-json\/wp\/v2\/posts\/378\/revisions\/557"}],"wp:attachment":[{"href":"https:\/\/www.revista-insaiguaviva.org\/curs2018-2019\/wp-json\/wp\/v2\/media?parent=378"}],"wp:term":[{"taxonomy":"category","embeddable":true,"href":"https:\/\/www.revista-insaiguaviva.org\/curs2018-2019\/wp-json\/wp\/v2\/categories?post=378"},{"taxonomy":"post_tag","embeddable":true,"href":"https:\/\/www.revista-insaiguaviva.org\/curs2018-2019\/wp-json\/wp\/v2\/tags?post=378"}],"curies":[{"name":"wp","href":"https:\/\/api.w.org\/{rel}","templated":true}]}}