{"id":386,"date":"2018-12-18T10:25:05","date_gmt":"2018-12-18T08:25:05","guid":{"rendered":"https:\/\/www.revista-insaiguaviva.org\/curs2018-2019\/?p=386"},"modified":"2019-02-25T19:20:07","modified_gmt":"2019-02-25T17:20:07","slug":"activitats-setmana-de-la-ciencia","status":"publish","type":"post","link":"https:\/\/www.revista-insaiguaviva.org\/curs2018-2019\/2018\/12\/18\/activitats-setmana-de-la-ciencia\/","title":{"rendered":"Activitats Setmana de la ci\u00e8ncia"},"content":{"rendered":"<p>Durant la Setmana de la Ci\u00e8ncia es van realitzar diferents activitats relacionades amb la Ci\u00e8ncia. Entre elles, <a href=\"https:\/\/photos.app.goo.gl\/7AdRFexkboPkhNjW6\" target=\"_blank\" rel=\"noopener\">una xerrada cient\u00edfica a c\u00e0rrec de Carlos Calero<\/a> per als alumnes de 1r i 2n de batxillerat, el dia 23 de novembre; i unes xerrades per als alumnes de 3r i 4t d&#8217;ESO <a href=\"https:\/\/photos.app.goo.gl\/SLZhn7aZTJZx87k8A\" target=\"_blank\" rel=\"noopener\">sobre la Marat\u00f3 de TV3,\u00a0<\/a>els dies 21 a 23 de novembre.<\/p>\n<p>Podeu veure les fotografies clicant sobre els enlla\u00e7os.<\/p>\n<p><img loading=\"lazy\" decoding=\"async\" class=\"aligncenter wp-image-387 size-large\" src=\"https:\/\/www.revista-insaiguaviva.org\/curs2018-2019\/wp-content\/uploads\/2018\/12\/IMG_20181123_090641-1024x768.jpg\" alt=\"\" width=\"525\" height=\"394\" srcset=\"https:\/\/www.revista-insaiguaviva.org\/curs2018-2019\/wp-content\/uploads\/2018\/12\/IMG_20181123_090641-1024x768.jpg 1024w, https:\/\/www.revista-insaiguaviva.org\/curs2018-2019\/wp-content\/uploads\/2018\/12\/IMG_20181123_090641-300x225.jpg 300w, https:\/\/www.revista-insaiguaviva.org\/curs2018-2019\/wp-content\/uploads\/2018\/12\/IMG_20181123_090641-768x576.jpg 768w, https:\/\/www.revista-insaiguaviva.org\/curs2018-2019\/wp-content\/uploads\/2018\/12\/IMG_20181123_090641.jpg 1600w\" sizes=\"auto, (max-width: 525px) 100vw, 525px\" \/><\/p>\n<p>&nbsp;<\/p>\n","protected":false},"excerpt":{"rendered":"<p>Durant la Setmana de la Ci\u00e8ncia es van realitzar diferents activitats relacionades amb la Ci\u00e8ncia. Entre elles, una xerrada cient\u00edfica a c\u00e0rrec de Carlos Calero per als alumnes de 1r i 2n de batxillerat, el dia 23 de novembre; i unes xerrades per als alumnes de 3r i 4t d&#8217;ESO sobre la Marat\u00f3 de TV3,\u00a0els &hellip; <\/p>\n<p class=\"link-more\"><a href=\"https:\/\/www.revista-insaiguaviva.org\/curs2018-2019\/2018\/12\/18\/activitats-setmana-de-la-ciencia\/\" class=\"more-link\">Continua llegint <span class=\"screen-reader-text\">\u00abActivitats Setmana de la ci\u00e8ncia\u00bb<\/span><\/a><\/p>\n","protected":false},"author":2,"featured_media":0,"comment_status":"open","ping_status":"open","sticky":false,"template":"","format":"standard","meta":{"footnotes":""},"categories":[58],"tags":[],"class_list":["post-386","post","type-post","status-publish","format-standard","hentry","category-activitats-setmana-de-la-ciencia"],"_links":{"self":[{"href":"https:\/\/www.revista-insaiguaviva.org\/curs2018-2019\/wp-json\/wp\/v2\/posts\/386","targetHints":{"allow":["GET"]}}],"collection":[{"href":"https:\/\/www.revista-insaiguaviva.org\/curs2018-2019\/wp-json\/wp\/v2\/posts"}],"about":[{"href":"https:\/\/www.revista-insaiguaviva.org\/curs2018-2019\/wp-json\/wp\/v2\/types\/post"}],"author":[{"embeddable":true,"href":"https:\/\/www.revista-insaiguaviva.org\/curs2018-2019\/wp-json\/wp\/v2\/users\/2"}],"replies":[{"embeddable":true,"href":"https:\/\/www.revista-insaiguaviva.org\/curs2018-2019\/wp-json\/wp\/v2\/comments?post=386"}],"version-history":[{"count":2,"href":"https:\/\/www.revista-insaiguaviva.org\/curs2018-2019\/wp-json\/wp\/v2\/posts\/386\/revisions"}],"predecessor-version":[{"id":558,"href":"https:\/\/www.revista-insaiguaviva.org\/curs2018-2019\/wp-json\/wp\/v2\/posts\/386\/revisions\/558"}],"wp:attachment":[{"href":"https:\/\/www.revista-insaiguaviva.org\/curs2018-2019\/wp-json\/wp\/v2\/media?parent=386"}],"wp:term":[{"taxonomy":"category","embeddable":true,"href":"https:\/\/www.revista-insaiguaviva.org\/curs2018-2019\/wp-json\/wp\/v2\/categories?post=386"},{"taxonomy":"post_tag","embeddable":true,"href":"https:\/\/www.revista-insaiguaviva.org\/curs2018-2019\/wp-json\/wp\/v2\/tags?post=386"}],"curies":[{"name":"wp","href":"https:\/\/api.w.org\/{rel}","templated":true}]}}