{"id":426,"date":"2019-02-03T19:14:44","date_gmt":"2019-02-03T17:14:44","guid":{"rendered":"https:\/\/www.revista-insaiguaviva.org\/curs2018-2019\/?p=426"},"modified":"2019-02-25T19:13:03","modified_gmt":"2019-02-25T17:13:03","slug":"explica-mho-tu","status":"publish","type":"post","link":"https:\/\/www.revista-insaiguaviva.org\/curs2018-2019\/2019\/02\/03\/explica-mho-tu\/","title":{"rendered":"Explica-m&#8217;ho tu"},"content":{"rendered":"<p>El passat divendres, 25 de gener, va comen\u00e7ar la primera de les cinc sessions que formen part del Servei Comunitari <em>Explica-m&#8217;ho tu<\/em>, que fan dotze alumnes de 3r curs d&#8217;ESO del nostre centre amb vint-i-quatre alumnes de segon de prim\u00e0ria de l&#8217;escola Sant Vicen\u00e7. Va ser una sessi\u00f3 de coneixen\u00e7a molt maca i gratificant.<\/p>\n<p><img loading=\"lazy\" decoding=\"async\" class=\"aligncenter wp-image-427 size-large\" src=\"https:\/\/www.revista-insaiguaviva.org\/curs2018-2019\/wp-content\/uploads\/2019\/02\/20190125_160126-1024x768.jpg\" alt=\"\" width=\"525\" height=\"394\" srcset=\"https:\/\/www.revista-insaiguaviva.org\/curs2018-2019\/wp-content\/uploads\/2019\/02\/20190125_160126-1024x768.jpg 1024w, https:\/\/www.revista-insaiguaviva.org\/curs2018-2019\/wp-content\/uploads\/2019\/02\/20190125_160126-300x225.jpg 300w, https:\/\/www.revista-insaiguaviva.org\/curs2018-2019\/wp-content\/uploads\/2019\/02\/20190125_160126-768x576.jpg 768w\" sizes=\"auto, (max-width: 525px) 100vw, 525px\" \/><\/p>\n<p>Podeu veure les fotografies clicant <a href=\"https:\/\/photos.app.goo.gl\/ojCU2YLPeZKPNsj69\" target=\"_blank\" rel=\"noopener\">aqu\u00ed.\u00a0<\/a><\/p>\n","protected":false},"excerpt":{"rendered":"<p>El passat divendres, 25 de gener, va comen\u00e7ar la primera de les cinc sessions que formen part del Servei Comunitari Explica-m&#8217;ho tu, que fan dotze alumnes de 3r curs d&#8217;ESO del nostre centre amb vint-i-quatre alumnes de segon de prim\u00e0ria de l&#8217;escola Sant Vicen\u00e7. Va ser una sessi\u00f3 de coneixen\u00e7a molt maca i gratificant. Podeu &hellip; <\/p>\n<p class=\"link-more\"><a href=\"https:\/\/www.revista-insaiguaviva.org\/curs2018-2019\/2019\/02\/03\/explica-mho-tu\/\" class=\"more-link\">Continua llegint <span class=\"screen-reader-text\">\u00abExplica-m&#8217;ho tu\u00bb<\/span><\/a><\/p>\n","protected":false},"author":2,"featured_media":0,"comment_status":"open","ping_status":"open","sticky":false,"template":"","format":"standard","meta":{"footnotes":""},"categories":[75,65],"tags":[],"class_list":["post-426","post","type-post","status-publish","format-standard","hentry","category-primera-sessio-explica-mho-tu","category-servei-comunitari-explica-mho-tu"],"_links":{"self":[{"href":"https:\/\/www.revista-insaiguaviva.org\/curs2018-2019\/wp-json\/wp\/v2\/posts\/426","targetHints":{"allow":["GET"]}}],"collection":[{"href":"https:\/\/www.revista-insaiguaviva.org\/curs2018-2019\/wp-json\/wp\/v2\/posts"}],"about":[{"href":"https:\/\/www.revista-insaiguaviva.org\/curs2018-2019\/wp-json\/wp\/v2\/types\/post"}],"author":[{"embeddable":true,"href":"https:\/\/www.revista-insaiguaviva.org\/curs2018-2019\/wp-json\/wp\/v2\/users\/2"}],"replies":[{"embeddable":true,"href":"https:\/\/www.revista-insaiguaviva.org\/curs2018-2019\/wp-json\/wp\/v2\/comments?post=426"}],"version-history":[{"count":4,"href":"https:\/\/www.revista-insaiguaviva.org\/curs2018-2019\/wp-json\/wp\/v2\/posts\/426\/revisions"}],"predecessor-version":[{"id":550,"href":"https:\/\/www.revista-insaiguaviva.org\/curs2018-2019\/wp-json\/wp\/v2\/posts\/426\/revisions\/550"}],"wp:attachment":[{"href":"https:\/\/www.revista-insaiguaviva.org\/curs2018-2019\/wp-json\/wp\/v2\/media?parent=426"}],"wp:term":[{"taxonomy":"category","embeddable":true,"href":"https:\/\/www.revista-insaiguaviva.org\/curs2018-2019\/wp-json\/wp\/v2\/categories?post=426"},{"taxonomy":"post_tag","embeddable":true,"href":"https:\/\/www.revista-insaiguaviva.org\/curs2018-2019\/wp-json\/wp\/v2\/tags?post=426"}],"curies":[{"name":"wp","href":"https:\/\/api.w.org\/{rel}","templated":true}]}}