{"id":456,"date":"2019-02-05T23:38:00","date_gmt":"2019-02-05T21:38:00","guid":{"rendered":"https:\/\/www.revista-insaiguaviva.org\/curs2018-2019\/?p=456"},"modified":"2019-02-05T23:57:33","modified_gmt":"2019-02-05T21:57:33","slug":"planetes-i-constel-lacions-a-1r-deso","status":"publish","type":"post","link":"https:\/\/www.revista-insaiguaviva.org\/curs2018-2019\/2019\/02\/05\/planetes-i-constel-lacions-a-1r-deso\/","title":{"rendered":"Planetes i constel.lacions a 1r d&#8217;ESO"},"content":{"rendered":"<div>Els alumnes de 1r ESO han treballat els planetes i les constel\u00b7lacions a Ci\u00e8ncies Naturals, a Visual i Pl\u00e0stica han continuat aquest treball afegint la mitologia i creant un llibre objecte que recull tota aquesta informaci\u00f3, amb formats i t\u00e8cniques variades. Bona feina!<\/div>\n<div><\/div>\n<div><img loading=\"lazy\" decoding=\"async\" class=\"aligncenter wp-image-459 size-full\" src=\"https:\/\/www.revista-insaiguaviva.org\/curs2018-2019\/wp-content\/uploads\/2019\/02\/20190130_092528-01.jpg\" alt=\"\" width=\"799\" height=\"359\" srcset=\"https:\/\/www.revista-insaiguaviva.org\/curs2018-2019\/wp-content\/uploads\/2019\/02\/20190130_092528-01.jpg 799w, https:\/\/www.revista-insaiguaviva.org\/curs2018-2019\/wp-content\/uploads\/2019\/02\/20190130_092528-01-300x135.jpg 300w, https:\/\/www.revista-insaiguaviva.org\/curs2018-2019\/wp-content\/uploads\/2019\/02\/20190130_092528-01-768x345.jpg 768w\" sizes=\"auto, (max-width: 767px) 89vw, (max-width: 1000px) 54vw, (max-width: 1071px) 543px, 580px\" \/><\/div>\n<div><\/div>\n<div><a href=\"https:\/\/photos.app.goo.gl\/uTfVsjpNNipXH4cQ6\" target=\"_blank\" rel=\"noopener\">Us deixem unes imatges<\/a>!<\/div>\n","protected":false},"excerpt":{"rendered":"<p>Els alumnes de 1r ESO han treballat els planetes i les constel\u00b7lacions a Ci\u00e8ncies Naturals, a Visual i Pl\u00e0stica han continuat aquest treball afegint la mitologia i creant un llibre objecte que recull tota aquesta informaci\u00f3, amb formats i t\u00e8cniques variades. Bona feina! Us deixem unes imatges!<\/p>\n","protected":false},"author":2,"featured_media":0,"comment_status":"open","ping_status":"open","sticky":false,"template":"","format":"standard","meta":{"footnotes":""},"categories":[69],"tags":[],"class_list":["post-456","post","type-post","status-publish","format-standard","hentry","category-planetes-i-constel-lacions-a-1r-deso"],"_links":{"self":[{"href":"https:\/\/www.revista-insaiguaviva.org\/curs2018-2019\/wp-json\/wp\/v2\/posts\/456","targetHints":{"allow":["GET"]}}],"collection":[{"href":"https:\/\/www.revista-insaiguaviva.org\/curs2018-2019\/wp-json\/wp\/v2\/posts"}],"about":[{"href":"https:\/\/www.revista-insaiguaviva.org\/curs2018-2019\/wp-json\/wp\/v2\/types\/post"}],"author":[{"embeddable":true,"href":"https:\/\/www.revista-insaiguaviva.org\/curs2018-2019\/wp-json\/wp\/v2\/users\/2"}],"replies":[{"embeddable":true,"href":"https:\/\/www.revista-insaiguaviva.org\/curs2018-2019\/wp-json\/wp\/v2\/comments?post=456"}],"version-history":[{"count":7,"href":"https:\/\/www.revista-insaiguaviva.org\/curs2018-2019\/wp-json\/wp\/v2\/posts\/456\/revisions"}],"predecessor-version":[{"id":468,"href":"https:\/\/www.revista-insaiguaviva.org\/curs2018-2019\/wp-json\/wp\/v2\/posts\/456\/revisions\/468"}],"wp:attachment":[{"href":"https:\/\/www.revista-insaiguaviva.org\/curs2018-2019\/wp-json\/wp\/v2\/media?parent=456"}],"wp:term":[{"taxonomy":"category","embeddable":true,"href":"https:\/\/www.revista-insaiguaviva.org\/curs2018-2019\/wp-json\/wp\/v2\/categories?post=456"},{"taxonomy":"post_tag","embeddable":true,"href":"https:\/\/www.revista-insaiguaviva.org\/curs2018-2019\/wp-json\/wp\/v2\/tags?post=456"}],"curies":[{"name":"wp","href":"https:\/\/api.w.org\/{rel}","templated":true}]}}