{"id":502,"date":"2019-02-14T23:04:45","date_gmt":"2019-02-14T21:04:45","guid":{"rendered":"https:\/\/www.revista-insaiguaviva.org\/curs2018-2019\/?p=502"},"modified":"2019-02-28T12:51:58","modified_gmt":"2019-02-28T10:51:58","slug":"exposicio-guerres-persones-refugiades-i-solidaritat","status":"publish","type":"post","link":"https:\/\/www.revista-insaiguaviva.org\/curs2018-2019\/2019\/02\/14\/exposicio-guerres-persones-refugiades-i-solidaritat\/","title":{"rendered":"Exposici\u00f3: &#8220;Guerres, persones refugiades i solidaritat&#8221;"},"content":{"rendered":"<p>L\u2019exposici\u00f3, muntada amb el suport de l\u2019AMPA, parla de guerres, persones refugiades i v\u00edctimes de l\u2019exili, i la mostra de la solidaritat que representa la hist\u00f2ria de la Maternitat d\u2019Elna, com espai de llum en mig de la foscor, d\u2019espai de vida en mig de la mort, d\u2019espai de dones i de solidaritat.<\/p>\n<p>L&#8217;exposici\u00f3 romandr\u00e0 a la Sala d&#8217;Actes de l&#8217;Institut del dia 13 al 25 de febrer i servir\u00e0 per complementar les activitats que fan sobre la ruta de l&#8217;exili els alumnes de 4t, fent un treball transversal a les mat\u00e8ries d&#8217;Hist\u00f2ria, Franc\u00e8s i Castell\u00e0 que inclou una sortida a Elna, Argelers i Cotlliure i la lectura de<em> La Maternitat d&#8217;Elna,<\/em> d&#8217;Assumpta Montell\u00e0.<\/p>\n<p>Al centre es faran dues activitats centrals al respecte:<\/p>\n<p><strong>EL dia 15 de febrer<\/strong>, en horari lectiu, dirigit als alumne de 4t i 1r Batxillerat.<\/p>\n<p><strong>El dia 20 de febrer,<\/strong> a les 18:30, dirigit a les fam\u00cdlies i obert a la poblaci\u00f3 de Mollet. Comptarem amb la pres\u00e8ncia de Quim Forn\u00e9s, responsable de Cultura CCOO VOR; Rosa Sans, Dtora Fundaci\u00f3 Cipriano Garcia CCOO; Esteve Bosch, autor dels versos de l\u2019exposici\u00f3. i Irene Ortiz, responsable Acci\u00f3 Jove CCOO.<\/p>\n<p><img decoding=\"async\" src=\"https:\/\/www.insaiguaviva.org\/wp-content\/uploads\/2019\/02\/Photos-295b-1024x610.jpg\" alt=\"Aquesta imatge t\u00c3\u00a9 l'atribut alt buit; el seu nom \u00c3\u00a9s Photos-295b-1024x610.jpg\" \/><\/p>\n<p><img decoding=\"async\" src=\"https:\/\/www.insaiguaviva.org\/wp-content\/uploads\/2019\/02\/Photos-069b-1024x544.jpg\" alt=\"Aquesta imatge t\u00c3\u00a9 l'atribut alt buit; el seu nom \u00c3\u00a9s Photos-069b-1024x544.jpg\" \/><\/p>\n<p>A les dues sessions vam comptar amb la pres\u00e8ncia de l&#8217;autor dels poemes que acompanyen les fotografies de l&#8217;exposici\u00f3 sobre la ruta de l&#8217;exili i Elna: l&#8217;Esteve Bosch. Els alumnes, les fam\u00edlies i els professors tamb\u00e9 vam gaudir escoltant-lo recitant alguns d&#8217;ells en directe.<\/p>\n<p>Podeu veure les fotografies del dia 15 clicant <a href=\"https:\/\/photos.app.goo.gl\/k6eQJsVcN26GmHSMA\" target=\"_blank\" rel=\"noopener\">aqu\u00ed<\/a>, i les del dia 20, clicant <a href=\"https:\/\/photos.app.goo.gl\/YfwP2eeEwU4wtXpz8\" target=\"_blank\" rel=\"noopener\">aqu\u00ed<\/a>.<\/p>\n","protected":false},"excerpt":{"rendered":"<p>L\u2019exposici\u00f3, muntada amb el suport de l\u2019AMPA, parla de guerres, persones refugiades i v\u00edctimes de l\u2019exili, i la mostra de la solidaritat que representa la hist\u00f2ria de la Maternitat d\u2019Elna, com espai de llum en mig de la foscor, d\u2019espai de vida en mig de la mort, d\u2019espai de dones i de solidaritat. L&#8217;exposici\u00f3 romandr\u00e0 &hellip; <\/p>\n<p class=\"link-more\"><a href=\"https:\/\/www.revista-insaiguaviva.org\/curs2018-2019\/2019\/02\/14\/exposicio-guerres-persones-refugiades-i-solidaritat\/\" class=\"more-link\">Continua llegint <span class=\"screen-reader-text\">\u00abExposici\u00f3: &#8220;Guerres, persones refugiades i solidaritat&#8221;\u00bb<\/span><\/a><\/p>\n","protected":false},"author":2,"featured_media":0,"comment_status":"open","ping_status":"open","sticky":false,"template":"","format":"standard","meta":{"footnotes":""},"categories":[87,70],"tags":[],"class_list":["post-502","post","type-post","status-publish","format-standard","hentry","category-exposicio-exili","category-exposicio-guerres-persones-refugiades-i-solidaritat"],"_links":{"self":[{"href":"https:\/\/www.revista-insaiguaviva.org\/curs2018-2019\/wp-json\/wp\/v2\/posts\/502","targetHints":{"allow":["GET"]}}],"collection":[{"href":"https:\/\/www.revista-insaiguaviva.org\/curs2018-2019\/wp-json\/wp\/v2\/posts"}],"about":[{"href":"https:\/\/www.revista-insaiguaviva.org\/curs2018-2019\/wp-json\/wp\/v2\/types\/post"}],"author":[{"embeddable":true,"href":"https:\/\/www.revista-insaiguaviva.org\/curs2018-2019\/wp-json\/wp\/v2\/users\/2"}],"replies":[{"embeddable":true,"href":"https:\/\/www.revista-insaiguaviva.org\/curs2018-2019\/wp-json\/wp\/v2\/comments?post=502"}],"version-history":[{"count":6,"href":"https:\/\/www.revista-insaiguaviva.org\/curs2018-2019\/wp-json\/wp\/v2\/posts\/502\/revisions"}],"predecessor-version":[{"id":592,"href":"https:\/\/www.revista-insaiguaviva.org\/curs2018-2019\/wp-json\/wp\/v2\/posts\/502\/revisions\/592"}],"wp:attachment":[{"href":"https:\/\/www.revista-insaiguaviva.org\/curs2018-2019\/wp-json\/wp\/v2\/media?parent=502"}],"wp:term":[{"taxonomy":"category","embeddable":true,"href":"https:\/\/www.revista-insaiguaviva.org\/curs2018-2019\/wp-json\/wp\/v2\/categories?post=502"},{"taxonomy":"post_tag","embeddable":true,"href":"https:\/\/www.revista-insaiguaviva.org\/curs2018-2019\/wp-json\/wp\/v2\/tags?post=502"}],"curies":[{"name":"wp","href":"https:\/\/api.w.org\/{rel}","templated":true}]}}