{"id":538,"date":"2019-02-25T19:08:43","date_gmt":"2019-02-25T17:08:43","guid":{"rendered":"https:\/\/www.revista-insaiguaviva.org\/curs2018-2019\/?p=538"},"modified":"2019-02-25T19:10:58","modified_gmt":"2019-02-25T17:10:58","slug":"8-de-marc-dia-de-la-dona-xerrada-de-mireia-mata-solsona","status":"publish","type":"post","link":"https:\/\/www.revista-insaiguaviva.org\/curs2018-2019\/2019\/02\/25\/8-de-marc-dia-de-la-dona-xerrada-de-mireia-mata-solsona\/","title":{"rendered":"8 de mar\u00e7: Dia de la Dona. Xerrada de Mireia Mata Solsona."},"content":{"rendered":"<p>Amb motiu de la propera celebraci\u00f3 del Dia de la Dona, el dia 8 de mar\u00e7, el passat divendres, dia 22 de febrer, la Directora General d&#8217;Igualtat del Departament de Treball, Afers Socials i Fam\u00edlies de la Generalitat, Sra. Mireia Mata Solsona, va fer una confer\u00e8ncia dirigida als alumnes de 1r i 2n de Batxillerat,\u00a0amb l\u2019objectiu, entre d&#8217;altres, de promoure la sensibilitzaci\u00f3 ciutadana al voltant de les desigualtats de g\u00e8nere existents encara a la nostra societat.<\/p>\n<p>Una confer\u00e8ncia for\u00e7a interessant per a tots. Agra\u00efm l&#8217;assist\u00e8ncia de la Sra. Mireia Mata Solsona al nostre centre.<\/p>\n<p><img loading=\"lazy\" decoding=\"async\" class=\"aligncenter wp-image-539 size-large\" src=\"https:\/\/www.revista-insaiguaviva.org\/curs2018-2019\/wp-content\/uploads\/2019\/02\/IMG_20190222_100434_814-1024x768.jpg\" alt=\"\" width=\"525\" height=\"394\" srcset=\"https:\/\/www.revista-insaiguaviva.org\/curs2018-2019\/wp-content\/uploads\/2019\/02\/IMG_20190222_100434_814-1024x768.jpg 1024w, https:\/\/www.revista-insaiguaviva.org\/curs2018-2019\/wp-content\/uploads\/2019\/02\/IMG_20190222_100434_814-300x225.jpg 300w, https:\/\/www.revista-insaiguaviva.org\/curs2018-2019\/wp-content\/uploads\/2019\/02\/IMG_20190222_100434_814-768x576.jpg 768w\" sizes=\"auto, (max-width: 525px) 100vw, 525px\" \/><\/p>\n<p><img loading=\"lazy\" decoding=\"async\" class=\"aligncenter wp-image-540 size-large\" src=\"https:\/\/www.revista-insaiguaviva.org\/curs2018-2019\/wp-content\/uploads\/2019\/02\/IMG_20190222_100521_572-1024x768.jpg\" alt=\"\" width=\"525\" height=\"394\" srcset=\"https:\/\/www.revista-insaiguaviva.org\/curs2018-2019\/wp-content\/uploads\/2019\/02\/IMG_20190222_100521_572-1024x768.jpg 1024w, https:\/\/www.revista-insaiguaviva.org\/curs2018-2019\/wp-content\/uploads\/2019\/02\/IMG_20190222_100521_572-300x225.jpg 300w, https:\/\/www.revista-insaiguaviva.org\/curs2018-2019\/wp-content\/uploads\/2019\/02\/IMG_20190222_100521_572-768x576.jpg 768w\" sizes=\"auto, (max-width: 525px) 100vw, 525px\" \/><\/p>\n<p>Podeu veure algunes fotografies clicant <a href=\"https:\/\/photos.app.goo.gl\/w89E3skDU5FsDQEb8\" target=\"_blank\" rel=\"noopener\">aqu\u00ed<\/a>.<\/p>\n","protected":false},"excerpt":{"rendered":"<p>Amb motiu de la propera celebraci\u00f3 del Dia de la Dona, el dia 8 de mar\u00e7, el passat divendres, dia 22 de febrer, la Directora General d&#8217;Igualtat del Departament de Treball, Afers Socials i Fam\u00edlies de la Generalitat, Sra. Mireia Mata Solsona, va fer una confer\u00e8ncia dirigida als alumnes de 1r i 2n de Batxillerat,\u00a0amb &hellip; <\/p>\n<p class=\"link-more\"><a href=\"https:\/\/www.revista-insaiguaviva.org\/curs2018-2019\/2019\/02\/25\/8-de-marc-dia-de-la-dona-xerrada-de-mireia-mata-solsona\/\" class=\"more-link\">Continua llegint <span class=\"screen-reader-text\">\u00ab8 de mar\u00e7: Dia de la Dona. Xerrada de Mireia Mata Solsona.\u00bb<\/span><\/a><\/p>\n","protected":false},"author":2,"featured_media":0,"comment_status":"open","ping_status":"open","sticky":false,"template":"","format":"standard","meta":{"footnotes":""},"categories":[78,79],"tags":[],"class_list":["post-538","post","type-post","status-publish","format-standard","hentry","category-xerrada-mireia-mata-solsona","category-xerrada-mireia-mata-solsona-noticies"],"_links":{"self":[{"href":"https:\/\/www.revista-insaiguaviva.org\/curs2018-2019\/wp-json\/wp\/v2\/posts\/538","targetHints":{"allow":["GET"]}}],"collection":[{"href":"https:\/\/www.revista-insaiguaviva.org\/curs2018-2019\/wp-json\/wp\/v2\/posts"}],"about":[{"href":"https:\/\/www.revista-insaiguaviva.org\/curs2018-2019\/wp-json\/wp\/v2\/types\/post"}],"author":[{"embeddable":true,"href":"https:\/\/www.revista-insaiguaviva.org\/curs2018-2019\/wp-json\/wp\/v2\/users\/2"}],"replies":[{"embeddable":true,"href":"https:\/\/www.revista-insaiguaviva.org\/curs2018-2019\/wp-json\/wp\/v2\/comments?post=538"}],"version-history":[{"count":5,"href":"https:\/\/www.revista-insaiguaviva.org\/curs2018-2019\/wp-json\/wp\/v2\/posts\/538\/revisions"}],"predecessor-version":[{"id":545,"href":"https:\/\/www.revista-insaiguaviva.org\/curs2018-2019\/wp-json\/wp\/v2\/posts\/538\/revisions\/545"}],"wp:attachment":[{"href":"https:\/\/www.revista-insaiguaviva.org\/curs2018-2019\/wp-json\/wp\/v2\/media?parent=538"}],"wp:term":[{"taxonomy":"category","embeddable":true,"href":"https:\/\/www.revista-insaiguaviva.org\/curs2018-2019\/wp-json\/wp\/v2\/categories?post=538"},{"taxonomy":"post_tag","embeddable":true,"href":"https:\/\/www.revista-insaiguaviva.org\/curs2018-2019\/wp-json\/wp\/v2\/tags?post=538"}],"curies":[{"name":"wp","href":"https:\/\/api.w.org\/{rel}","templated":true}]}}