{"id":598,"date":"2019-03-06T19:58:45","date_gmt":"2019-03-06T17:58:45","guid":{"rendered":"https:\/\/www.revista-insaiguaviva.org\/curs2018-2019\/?p=598"},"modified":"2019-03-06T19:58:45","modified_gmt":"2019-03-06T17:58:45","slug":"activitats-destiu-adrecades-a-estudiants-de-secundaria","status":"publish","type":"post","link":"https:\/\/www.revista-insaiguaviva.org\/curs2018-2019\/2019\/03\/06\/activitats-destiu-adrecades-a-estudiants-de-secundaria\/","title":{"rendered":"Activitats d&#8217;estiu adre\u00e7ades a estudiants de secund\u00e0ria"},"content":{"rendered":"<p style=\"font-weight: 400;\">L&#8217;ICE de la UAB dins de l&#8217;oferta activitats d\u2019estiu fa <span style=\"font-size: 1rem;\">una propos<\/span><span style=\"font-size: 1rem;\">ta de\u00a0<\/span><strong style=\"font-size: 1rem;\">cursos i tallers per a alumnat de secund\u00e0ria<\/strong><span style=\"font-size: 1rem;\">\u00a0(3r i 4t d&#8217;ESO, Batxillerat i Cicles Formatius).<\/span><\/p>\n<p style=\"font-weight: 400;\">L\u2019objectiu \u00e9s oferir un\u00a0<strong>espai d\u2019iniciaci\u00f3 i de coneixement<\/strong>\u00a0a trav\u00e9s d\u2019activitats cient\u00edfiques, tecnol\u00f2giques i socials amb una dimensi\u00f3 pr\u00e0ctica rellevant i amb connexi\u00f3 amb la recerca i el coneixement generat a la pr\u00f2pia universitat.<\/p>\n<p style=\"font-weight: 400;\">Podeu trobar el llistat de cursos, i accedir als programes i al formulari d\u2019inscripci\u00f3, clicant <a href=\"https:\/\/www.uab.cat\/web\/formacio\/activitats-d-estiu\/cursos-alumnat-secundaria-2019-1345780688069.html\" target=\"_blank\" rel=\"noopener\">aqu\u00ed.\u00a0<\/a><\/p>\n","protected":false},"excerpt":{"rendered":"<p>L&#8217;ICE de la UAB dins de l&#8217;oferta activitats d\u2019estiu fa una proposta de\u00a0cursos i tallers per a alumnat de secund\u00e0ria\u00a0(3r i 4t d&#8217;ESO, Batxillerat i Cicles Formatius). L\u2019objectiu \u00e9s oferir un\u00a0espai d\u2019iniciaci\u00f3 i de coneixement\u00a0a trav\u00e9s d\u2019activitats cient\u00edfiques, tecnol\u00f2giques i socials amb una dimensi\u00f3 pr\u00e0ctica rellevant i amb connexi\u00f3 amb la recerca i el coneixement &hellip; <\/p>\n<p class=\"link-more\"><a href=\"https:\/\/www.revista-insaiguaviva.org\/curs2018-2019\/2019\/03\/06\/activitats-destiu-adrecades-a-estudiants-de-secundaria\/\" class=\"more-link\">Continua llegint <span class=\"screen-reader-text\">\u00abActivitats d&#8217;estiu adre\u00e7ades a estudiants de secund\u00e0ria\u00bb<\/span><\/a><\/p>\n","protected":false},"author":2,"featured_media":0,"comment_status":"open","ping_status":"open","sticky":false,"template":"","format":"standard","meta":{"footnotes":""},"categories":[89],"tags":[],"class_list":["post-598","post","type-post","status-publish","format-standard","hentry","category-activitats-destiu-adrecades-a-estudiants-de-secundaria-uab"],"_links":{"self":[{"href":"https:\/\/www.revista-insaiguaviva.org\/curs2018-2019\/wp-json\/wp\/v2\/posts\/598","targetHints":{"allow":["GET"]}}],"collection":[{"href":"https:\/\/www.revista-insaiguaviva.org\/curs2018-2019\/wp-json\/wp\/v2\/posts"}],"about":[{"href":"https:\/\/www.revista-insaiguaviva.org\/curs2018-2019\/wp-json\/wp\/v2\/types\/post"}],"author":[{"embeddable":true,"href":"https:\/\/www.revista-insaiguaviva.org\/curs2018-2019\/wp-json\/wp\/v2\/users\/2"}],"replies":[{"embeddable":true,"href":"https:\/\/www.revista-insaiguaviva.org\/curs2018-2019\/wp-json\/wp\/v2\/comments?post=598"}],"version-history":[{"count":1,"href":"https:\/\/www.revista-insaiguaviva.org\/curs2018-2019\/wp-json\/wp\/v2\/posts\/598\/revisions"}],"predecessor-version":[{"id":599,"href":"https:\/\/www.revista-insaiguaviva.org\/curs2018-2019\/wp-json\/wp\/v2\/posts\/598\/revisions\/599"}],"wp:attachment":[{"href":"https:\/\/www.revista-insaiguaviva.org\/curs2018-2019\/wp-json\/wp\/v2\/media?parent=598"}],"wp:term":[{"taxonomy":"category","embeddable":true,"href":"https:\/\/www.revista-insaiguaviva.org\/curs2018-2019\/wp-json\/wp\/v2\/categories?post=598"},{"taxonomy":"post_tag","embeddable":true,"href":"https:\/\/www.revista-insaiguaviva.org\/curs2018-2019\/wp-json\/wp\/v2\/tags?post=598"}],"curies":[{"name":"wp","href":"https:\/\/api.w.org\/{rel}","templated":true}]}}