{"id":615,"date":"2019-03-13T19:51:15","date_gmt":"2019-03-13T17:51:15","guid":{"rendered":"https:\/\/www.revista-insaiguaviva.org\/curs2018-2019\/?p=615"},"modified":"2019-03-13T19:53:39","modified_gmt":"2019-03-13T17:53:39","slug":"615","status":"publish","type":"post","link":"https:\/\/www.revista-insaiguaviva.org\/curs2018-2019\/2019\/03\/13\/615\/","title":{"rendered":"Sortida al MANAC amb els alumnes de segon de batxillerat"},"content":{"rendered":"<p>El dimarts 12 de mar\u00e7 els alumnes de 2n de Batxillerat d&#8217;Hist\u00f2ria de l&#8217;Art van visitar algunes de les obres catalanes que han de preparar per a la selectivitat.<\/p>\n<div>Al MANAC van participar de l&#8217;activitat &#8221; Selectivitat Total &#8221; i van gaudir de l&#8217;explicaci\u00f3 del rom\u00e0nic,\u00a0 del\u00a0 g\u00f2tic, del realisme, del cubisme o del\u00a0 simbolisme davant de les pr\u00f2pies obres.<\/div>\n<div>L&#8217;obra de Mir\u00f3 tamb\u00e9 es va treballar fent una explicaci\u00f3 &#8221; in situ &#8221; de l&#8217;escultura\u00a0<i>Dona i Ocell<\/i>\u00a0i el concepte arquitect\u00f2nic del funcionalisme es va explicar dintre del <em>Pavell\u00f3 Alemany<\/em> de Mies Van Der Rohe.<\/div>\n<div>Una molt bona experi\u00e8ncia per gaudir de l&#8217;art en directe !!!<\/div>\n<div><\/div>\n<div><img loading=\"lazy\" decoding=\"async\" class=\"aligncenter wp-image-616 size-large\" src=\"https:\/\/www.revista-insaiguaviva.org\/curs2018-2019\/wp-content\/uploads\/2019\/03\/IMG_20190312_085647_402-768x1024.jpg\" alt=\"\" width=\"525\" height=\"700\" srcset=\"https:\/\/www.revista-insaiguaviva.org\/curs2018-2019\/wp-content\/uploads\/2019\/03\/IMG_20190312_085647_402-768x1024.jpg 768w, https:\/\/www.revista-insaiguaviva.org\/curs2018-2019\/wp-content\/uploads\/2019\/03\/IMG_20190312_085647_402-225x300.jpg 225w\" sizes=\"auto, (max-width: 525px) 100vw, 525px\" \/><\/div>\n<div><\/div>\n<div>Podeu veure les fotografies clicant <a href=\"https:\/\/photos.app.goo.gl\/vf9zWVBeffW76bgZ7\" target=\"_blank\" rel=\"noopener\">aqu\u00ed.\u00a0<\/a><\/div>\n","protected":false},"excerpt":{"rendered":"<p>El dimarts 12 de mar\u00e7 els alumnes de 2n de Batxillerat d&#8217;Hist\u00f2ria de l&#8217;Art van visitar algunes de les obres catalanes que han de preparar per a la selectivitat. Al MANAC van participar de l&#8217;activitat &#8221; Selectivitat Total &#8221; i van gaudir de l&#8217;explicaci\u00f3 del rom\u00e0nic,\u00a0 del\u00a0 g\u00f2tic, del realisme, del cubisme o del\u00a0 simbolisme &hellip; <\/p>\n<p class=\"link-more\"><a href=\"https:\/\/www.revista-insaiguaviva.org\/curs2018-2019\/2019\/03\/13\/615\/\" class=\"more-link\">Continua llegint <span class=\"screen-reader-text\">\u00abSortida al MANAC amb els alumnes de segon de batxillerat\u00bb<\/span><\/a><\/p>\n","protected":false},"author":2,"featured_media":0,"comment_status":"open","ping_status":"open","sticky":false,"template":"","format":"standard","meta":{"footnotes":""},"categories":[91],"tags":[],"class_list":["post-615","post","type-post","status-publish","format-standard","hentry","category-manac-2-btx"],"_links":{"self":[{"href":"https:\/\/www.revista-insaiguaviva.org\/curs2018-2019\/wp-json\/wp\/v2\/posts\/615","targetHints":{"allow":["GET"]}}],"collection":[{"href":"https:\/\/www.revista-insaiguaviva.org\/curs2018-2019\/wp-json\/wp\/v2\/posts"}],"about":[{"href":"https:\/\/www.revista-insaiguaviva.org\/curs2018-2019\/wp-json\/wp\/v2\/types\/post"}],"author":[{"embeddable":true,"href":"https:\/\/www.revista-insaiguaviva.org\/curs2018-2019\/wp-json\/wp\/v2\/users\/2"}],"replies":[{"embeddable":true,"href":"https:\/\/www.revista-insaiguaviva.org\/curs2018-2019\/wp-json\/wp\/v2\/comments?post=615"}],"version-history":[{"count":5,"href":"https:\/\/www.revista-insaiguaviva.org\/curs2018-2019\/wp-json\/wp\/v2\/posts\/615\/revisions"}],"predecessor-version":[{"id":621,"href":"https:\/\/www.revista-insaiguaviva.org\/curs2018-2019\/wp-json\/wp\/v2\/posts\/615\/revisions\/621"}],"wp:attachment":[{"href":"https:\/\/www.revista-insaiguaviva.org\/curs2018-2019\/wp-json\/wp\/v2\/media?parent=615"}],"wp:term":[{"taxonomy":"category","embeddable":true,"href":"https:\/\/www.revista-insaiguaviva.org\/curs2018-2019\/wp-json\/wp\/v2\/categories?post=615"},{"taxonomy":"post_tag","embeddable":true,"href":"https:\/\/www.revista-insaiguaviva.org\/curs2018-2019\/wp-json\/wp\/v2\/tags?post=615"}],"curies":[{"name":"wp","href":"https:\/\/api.w.org\/{rel}","templated":true}]}}